{"id":708,"date":"2021-03-19T12:00:04","date_gmt":"2021-03-19T11:00:04","guid":{"rendered":"http:\/\/ideevan.fr\/?p=708"},"modified":"2021-04-29T09:17:21","modified_gmt":"2021-04-29T07:17:21","slug":"rubio-la-touche-final-pour-votre-amenagement-de-van","status":"publish","type":"post","link":"https:\/\/ideevan.fr\/index.php\/2021\/03\/19\/rubio-la-touche-final-pour-votre-amenagement-de-van\/","title":{"rendered":"Rubio, la touche finale pour votre am\u00e9nagement"},"content":{"rendered":"\n<p>Les huiles de finition Rubio sont de superbes produits ! Avec une multitude de teintes et des huiles offrant des niveaux de protection pour tous les usages, la gamme Rubio permet d&#8217;obtenir une finition bois de votre am\u00e9nagement de van \u00e0 votre go\u00fbt et faciles d&#8217;entretien. <\/p>\n\n\n\n<p>Nous travaillons avec ce produit depuis d\u00e9j\u00e0 4 ans, et c&#8217;est pourquoi nous souhaitons le mettre en avant aujourd&#8217;hui.<\/p>\n\n\n\n<p>Tout d&#8217;abord faisons un zoom sur les diff\u00e9rentes huiles que l&#8217;on trouve sur le march\u00e9.<\/p>\n\n\n\n<p>Il existe beaucoup de fabricants qui proposent des huiles pour diff\u00e9rentes applications. Certaines sont sp\u00e9cifiques au type de bois \u00e0 traiter, au milieu comme les pi\u00e8ces humides, mais rares sont les huiles plus polyvalentes. D&#8217;autre part, certaines sont faites \u00e0 base d&#8217;huiles v\u00e9g\u00e9tales comme l&#8217;huile de lin, d&#8217;autres sont fabriqu\u00e9es synth\u00e9tiquement et peuvent \u00eatre des sources nocives et volatiles.<\/p>\n\n\n\n<p>Enfin la plupart des huiles que l&#8217;on trouve sur le march\u00e9 se posent en 2 applications, et n\u00e9cessitent un entretien r\u00e9gulier.<\/p>\n\n\n\n<p>Si nous reprenons tout ces points, l&#8217;huile mono-couche Oil plus 2C de chez Rubio est une alternative id\u00e9ale ! D&#8217;une part, c&#8217;est un produit \u00e9cologique avec 0% de produits nocifs et volatiles, et d&#8217;autre part, c&#8217;est un r\u00e9el mono-couche \u00e9co-responsable. <\/p>\n\n\n\n<div style=\"height:30px\" aria-hidden=\"true\" class=\"wp-block-spacer\"><\/div>\n\n\n\n<div class=\"wp-block-cover alignfull\"><img data-recalc-dims=\"1\" loading=\"lazy\" decoding=\"async\" width=\"1200\" height=\"800\" data-attachment-id=\"259\" data-permalink=\"https:\/\/ideevan.fr\/texture-of-wood\/\" data-orig-file=\"https:\/\/i0.wp.com\/ideevan.fr\/wp-content\/uploads\/2021\/03\/PHOTO_BOIS-scaled.jpg?fit=2560%2C1707&amp;ssl=1\" data-orig-size=\"2560,1707\" data-comments-opened=\"1\" data-image-meta=\"{&quot;aperture&quot;:&quot;14&quot;,&quot;credit&quot;:&quot;Ekkapon Sriharun&quot;,&quot;camera&quot;:&quot;Canon EOS 5D Mark II&quot;,&quot;caption&quot;:&quot;yellow natural wood texture background&quot;,&quot;created_timestamp&quot;:&quot;1466089190&quot;,&quot;copyright&quot;:&quot;Ekkapon 2012&quot;,&quot;focal_length&quot;:&quot;100&quot;,&quot;iso&quot;:&quot;100&quot;,&quot;shutter_speed&quot;:&quot;0.005&quot;,&quot;title&quot;:&quot;Texture of wood&quot;,&quot;orientation&quot;:&quot;1&quot;}\" data-image-title=\"Texture of wood\" data-image-description=\"\" data-image-caption=\"&lt;p&gt;yellow natural wood texture background&lt;\/p&gt;\n\" data-large-file=\"https:\/\/i0.wp.com\/ideevan.fr\/wp-content\/uploads\/2021\/03\/PHOTO_BOIS-scaled.jpg?fit=1024%2C683&amp;ssl=1\" class=\"wp-block-cover__image-background wp-image-259\" alt=\"\" src=\"https:\/\/i0.wp.com\/ideevan.fr\/wp-content\/uploads\/2021\/03\/PHOTO_BOIS-scaled.jpg?resize=1200%2C800\" data-object-fit=\"cover\" srcset=\"https:\/\/i0.wp.com\/ideevan.fr\/wp-content\/uploads\/2021\/03\/PHOTO_BOIS-scaled.jpg?w=2560&amp;ssl=1 2560w, https:\/\/i0.wp.com\/ideevan.fr\/wp-content\/uploads\/2021\/03\/PHOTO_BOIS-scaled.jpg?resize=300%2C200&amp;ssl=1 300w, https:\/\/i0.wp.com\/ideevan.fr\/wp-content\/uploads\/2021\/03\/PHOTO_BOIS-scaled.jpg?resize=1024%2C683&amp;ssl=1 1024w, https:\/\/i0.wp.com\/ideevan.fr\/wp-content\/uploads\/2021\/03\/PHOTO_BOIS-scaled.jpg?resize=768%2C512&amp;ssl=1 768w, https:\/\/i0.wp.com\/ideevan.fr\/wp-content\/uploads\/2021\/03\/PHOTO_BOIS-scaled.jpg?resize=1536%2C1024&amp;ssl=1 1536w, https:\/\/i0.wp.com\/ideevan.fr\/wp-content\/uploads\/2021\/03\/PHOTO_BOIS-scaled.jpg?resize=2048%2C1365&amp;ssl=1 2048w, https:\/\/i0.wp.com\/ideevan.fr\/wp-content\/uploads\/2021\/03\/PHOTO_BOIS-scaled.jpg?resize=930%2C620&amp;ssl=1 930w, https:\/\/i0.wp.com\/ideevan.fr\/wp-content\/uploads\/2021\/03\/PHOTO_BOIS-scaled.jpg?w=2400&amp;ssl=1 2400w\" sizes=\"auto, (max-width: 1200px) 100vw, 1200px\" \/><div class=\"wp-block-cover__inner-container is-layout-flow wp-block-cover-is-layout-flow\">\n<div style=\"height:26px\" aria-hidden=\"true\" class=\"wp-block-spacer\"><\/div>\n\n\n\n<h2 class=\"has-text-align-center wp-block-heading\">Une application simple et \u00e9conomique pour votre finition bois d&#8217;am\u00e9nagement de van<\/h2>\n\n\n\n<div class=\"wp-block-columns is-layout-flex wp-container-core-columns-is-layout-9d6595d7 wp-block-columns-is-layout-flex\">\n<div class=\"wp-block-column is-layout-flow wp-block-column-is-layout-flow\" style=\"flex-basis:33.33%\">\n<figure class=\"wp-block-image size-large\"><img data-recalc-dims=\"1\" loading=\"lazy\" decoding=\"async\" width=\"1024\" height=\"1024\" data-attachment-id=\"723\" data-permalink=\"https:\/\/ideevan.fr\/index.php\/2021\/03\/19\/rubio-la-touche-final-pour-votre-amenagement-de-van\/stockaryd-huile-pour-bois-dinterieur__0866353_pe711332_s5\/\" data-orig-file=\"https:\/\/i0.wp.com\/ideevan.fr\/wp-content\/uploads\/2021\/03\/stockaryd-huile-pour-bois-dinterieur__0866353_pe711332_s5.jpg?fit=1400%2C1399&amp;ssl=1\" data-orig-size=\"1400,1399\" data-comments-opened=\"1\" data-image-meta=\"{&quot;aperture&quot;:&quot;0&quot;,&quot;credit&quot;:&quot;&quot;,&quot;camera&quot;:&quot;&quot;,&quot;caption&quot;:&quot;&quot;,&quot;created_timestamp&quot;:&quot;0&quot;,&quot;copyright&quot;:&quot;&quot;,&quot;focal_length&quot;:&quot;0&quot;,&quot;iso&quot;:&quot;0&quot;,&quot;shutter_speed&quot;:&quot;0&quot;,&quot;title&quot;:&quot;&quot;,&quot;orientation&quot;:&quot;0&quot;}\" data-image-title=\"stockaryd-huile-pour-bois-dinterieur__0866353_pe711332_s5\" data-image-description=\"\" data-image-caption=\"\" data-large-file=\"https:\/\/i0.wp.com\/ideevan.fr\/wp-content\/uploads\/2021\/03\/stockaryd-huile-pour-bois-dinterieur__0866353_pe711332_s5.jpg?fit=1024%2C1024&amp;ssl=1\" src=\"https:\/\/i0.wp.com\/ideevan.fr\/wp-content\/uploads\/2021\/03\/stockaryd-huile-pour-bois-dinterieur__0866353_pe711332_s5-1024x1024.jpg?resize=1024%2C1024\" alt=\"image qui montre l'application d'une huile\" class=\"wp-image-723\" srcset=\"https:\/\/i0.wp.com\/ideevan.fr\/wp-content\/uploads\/2021\/03\/stockaryd-huile-pour-bois-dinterieur__0866353_pe711332_s5.jpg?resize=1024%2C1024&amp;ssl=1 1024w, https:\/\/i0.wp.com\/ideevan.fr\/wp-content\/uploads\/2021\/03\/stockaryd-huile-pour-bois-dinterieur__0866353_pe711332_s5.jpg?resize=300%2C300&amp;ssl=1 300w, https:\/\/i0.wp.com\/ideevan.fr\/wp-content\/uploads\/2021\/03\/stockaryd-huile-pour-bois-dinterieur__0866353_pe711332_s5.jpg?resize=150%2C150&amp;ssl=1 150w, https:\/\/i0.wp.com\/ideevan.fr\/wp-content\/uploads\/2021\/03\/stockaryd-huile-pour-bois-dinterieur__0866353_pe711332_s5.jpg?resize=768%2C767&amp;ssl=1 768w, https:\/\/i0.wp.com\/ideevan.fr\/wp-content\/uploads\/2021\/03\/stockaryd-huile-pour-bois-dinterieur__0866353_pe711332_s5.jpg?w=1400&amp;ssl=1 1400w\" sizes=\"auto, (max-width: 1024px) 100vw, 1024px\" \/><\/figure>\n<\/div>\n\n\n\n<div class=\"wp-block-column is-layout-flow wp-block-column-is-layout-flow\" style=\"flex-basis:66.66%\">\n<p class=\"has-drop-cap has-neve-link-color-color has-text-color\"><strong><span class=\"has-inline-color has-neve-text-color-color\">P<\/span><\/strong>our poser l&#8217;huile plus 2C, nous avons juste besoin de mousse et de tissus microfibre. Tout d&#8217;abord,l&#8217;application se fait \u00e0 l&#8217;aide de la mousse. Il suffit d&#8217;une faible quantit\u00e9 de ce produit pour couvrir une large surface, \u00e0 tel point que son prix au m\u00b2 l&#8217;un des plus bas du march\u00e9. Quelques minutes d&#8217;attente et nous pouvons ensuite retirer le surplus avec notre tissu microfibre. A pr\u00e9sent le produit est sec au toucher et notre bois est prot\u00e9g\u00e9.<\/p>\n<\/div>\n<\/div>\n<\/div><\/div>\n\n\n\n<div class=\"wp-block-cover alignfull has-nv-site-bg-background-color has-background-dim\"><div class=\"wp-block-cover__inner-container is-layout-flow wp-block-cover-is-layout-flow\">\n<div style=\"height:32px\" aria-hidden=\"true\" class=\"wp-block-spacer\"><\/div>\n\n\n\n<h2 class=\"has-text-align-center wp-block-heading\"><span class=\"has-inline-color has-neve-link-color-color\">Un entretien simple pour votre bois<\/span><\/h2>\n\n\n\n<div class=\"wp-block-columns is-layout-flex wp-container-core-columns-is-layout-9d6595d7 wp-block-columns-is-layout-flex\">\n<div class=\"wp-block-column is-layout-flow wp-block-column-is-layout-flow\" style=\"flex-basis:33.33%\">\n<figure class=\"wp-block-image size-large is-resized\"><img data-recalc-dims=\"1\" loading=\"lazy\" decoding=\"async\" data-attachment-id=\"709\" data-permalink=\"https:\/\/ideevan.fr\/index.php\/2021\/03\/19\/rubio-la-touche-final-pour-votre-amenagement-de-van\/rubio-monocoat-oil-2-c-colour-250x250\/\" data-orig-file=\"https:\/\/i0.wp.com\/ideevan.fr\/wp-content\/uploads\/2021\/03\/rubio-monocoat-oil-2-c-colour-250x250-1.jpg?fit=250%2C250&amp;ssl=1\" data-orig-size=\"250,250\" data-comments-opened=\"1\" data-image-meta=\"{&quot;aperture&quot;:&quot;0&quot;,&quot;credit&quot;:&quot;&quot;,&quot;camera&quot;:&quot;&quot;,&quot;caption&quot;:&quot;&quot;,&quot;created_timestamp&quot;:&quot;0&quot;,&quot;copyright&quot;:&quot;&quot;,&quot;focal_length&quot;:&quot;0&quot;,&quot;iso&quot;:&quot;0&quot;,&quot;shutter_speed&quot;:&quot;0&quot;,&quot;title&quot;:&quot;&quot;,&quot;orientation&quot;:&quot;0&quot;}\" data-image-title=\"rubio-monocoat-oil-2-c-colour-250&#215;250\" data-image-description=\"\" data-image-caption=\"&lt;p&gt;www.indiamart.com&lt;\/p&gt;\n\" data-large-file=\"https:\/\/i0.wp.com\/ideevan.fr\/wp-content\/uploads\/2021\/03\/rubio-monocoat-oil-2-c-colour-250x250-1.jpg?fit=250%2C250&amp;ssl=1\" src=\"https:\/\/i0.wp.com\/ideevan.fr\/wp-content\/uploads\/2021\/03\/rubio-monocoat-oil-2-c-colour-250x250-1.jpg?resize=260%2C260\" alt=\"image pr\u00e9sentant des produits de la marque Rubio\" class=\"wp-image-709\" width=\"260\" height=\"260\" srcset=\"https:\/\/i0.wp.com\/ideevan.fr\/wp-content\/uploads\/2021\/03\/rubio-monocoat-oil-2-c-colour-250x250-1.jpg?w=250&amp;ssl=1 250w, https:\/\/i0.wp.com\/ideevan.fr\/wp-content\/uploads\/2021\/03\/rubio-monocoat-oil-2-c-colour-250x250-1.jpg?resize=150%2C150&amp;ssl=1 150w\" sizes=\"auto, (max-width: 260px) 100vw, 260px\" \/><figcaption><span class=\"has-inline-color has-neve-link-color-color\">www.indiamart.com<\/span><\/figcaption><\/figure>\n<\/div>\n\n\n\n<div class=\"wp-block-column is-layout-flow wp-block-column-is-layout-flow\" style=\"flex-basis:66.66%\">\n<p class=\"has-drop-cap\"><span class=\"has-inline-color has-neve-link-color-color\">L&#8217;huile Rubio est une huile mono-couche, nous l&#8217;avons dit, mais elle pr\u00e9sente des caract\u00e9ristiques qui rendent l&#8217;entretien de nos surfaces bois facile et rapide. Un des avantages de ce produit, c&#8217;est qu&#8217;il arrive \u00e0 saturation sur le bois, sans cr\u00e9er de surcouche visible \u00e0 l\u2019\u0153il. Ainsi, vous pouvez poncer une surface ab\u00eem\u00e9e juste sur une petite zone. Repasser ensuite l&#8217;huile sur cette derni\u00e8re, et votre bois sera comme neuf !<\/span><\/p>\n<\/div>\n<\/div>\n\n\n\n<div class=\"wp-block-cover alignfull\"><img data-recalc-dims=\"1\" loading=\"lazy\" decoding=\"async\" width=\"1200\" height=\"800\" data-attachment-id=\"259\" data-permalink=\"https:\/\/ideevan.fr\/texture-of-wood\/\" data-orig-file=\"https:\/\/i0.wp.com\/ideevan.fr\/wp-content\/uploads\/2021\/03\/PHOTO_BOIS-scaled.jpg?fit=2560%2C1707&amp;ssl=1\" data-orig-size=\"2560,1707\" data-comments-opened=\"1\" data-image-meta=\"{&quot;aperture&quot;:&quot;14&quot;,&quot;credit&quot;:&quot;Ekkapon Sriharun&quot;,&quot;camera&quot;:&quot;Canon EOS 5D Mark II&quot;,&quot;caption&quot;:&quot;yellow natural wood texture background&quot;,&quot;created_timestamp&quot;:&quot;1466089190&quot;,&quot;copyright&quot;:&quot;Ekkapon 2012&quot;,&quot;focal_length&quot;:&quot;100&quot;,&quot;iso&quot;:&quot;100&quot;,&quot;shutter_speed&quot;:&quot;0.005&quot;,&quot;title&quot;:&quot;Texture of wood&quot;,&quot;orientation&quot;:&quot;1&quot;}\" data-image-title=\"Texture of wood\" data-image-description=\"\" data-image-caption=\"&lt;p&gt;yellow natural wood texture background&lt;\/p&gt;\n\" data-large-file=\"https:\/\/i0.wp.com\/ideevan.fr\/wp-content\/uploads\/2021\/03\/PHOTO_BOIS-scaled.jpg?fit=1024%2C683&amp;ssl=1\" class=\"wp-block-cover__image-background wp-image-259\" alt=\"\" src=\"https:\/\/i0.wp.com\/ideevan.fr\/wp-content\/uploads\/2021\/03\/PHOTO_BOIS-scaled.jpg?resize=1200%2C800\" data-object-fit=\"cover\" srcset=\"https:\/\/i0.wp.com\/ideevan.fr\/wp-content\/uploads\/2021\/03\/PHOTO_BOIS-scaled.jpg?w=2560&amp;ssl=1 2560w, https:\/\/i0.wp.com\/ideevan.fr\/wp-content\/uploads\/2021\/03\/PHOTO_BOIS-scaled.jpg?resize=300%2C200&amp;ssl=1 300w, https:\/\/i0.wp.com\/ideevan.fr\/wp-content\/uploads\/2021\/03\/PHOTO_BOIS-scaled.jpg?resize=1024%2C683&amp;ssl=1 1024w, https:\/\/i0.wp.com\/ideevan.fr\/wp-content\/uploads\/2021\/03\/PHOTO_BOIS-scaled.jpg?resize=768%2C512&amp;ssl=1 768w, https:\/\/i0.wp.com\/ideevan.fr\/wp-content\/uploads\/2021\/03\/PHOTO_BOIS-scaled.jpg?resize=1536%2C1024&amp;ssl=1 1536w, https:\/\/i0.wp.com\/ideevan.fr\/wp-content\/uploads\/2021\/03\/PHOTO_BOIS-scaled.jpg?resize=2048%2C1365&amp;ssl=1 2048w, https:\/\/i0.wp.com\/ideevan.fr\/wp-content\/uploads\/2021\/03\/PHOTO_BOIS-scaled.jpg?resize=930%2C620&amp;ssl=1 930w, https:\/\/i0.wp.com\/ideevan.fr\/wp-content\/uploads\/2021\/03\/PHOTO_BOIS-scaled.jpg?w=2400&amp;ssl=1 2400w\" sizes=\"auto, (max-width: 1200px) 100vw, 1200px\" \/><div class=\"wp-block-cover__inner-container is-layout-flow wp-block-cover-is-layout-flow\">\n<div style=\"height:44px\" aria-hidden=\"true\" class=\"wp-block-spacer\"><\/div>\n\n\n\n<h2 class=\"has-text-align-center wp-block-heading\">Nos finitions avec Rubio<\/h2>\n\n\n\n<figure class=\"wp-block-image size-large\"><img data-recalc-dims=\"1\" loading=\"lazy\" decoding=\"async\" width=\"1024\" height=\"638\" data-attachment-id=\"729\" data-permalink=\"https:\/\/ideevan.fr\/export1616080099562-2\/\" data-orig-file=\"https:\/\/i0.wp.com\/ideevan.fr\/wp-content\/uploads\/2021\/03\/export1616080099562-edited.jpg?fit=1333%2C831&amp;ssl=1\" data-orig-size=\"1333,831\" data-comments-opened=\"1\" data-image-meta=\"{&quot;aperture&quot;:&quot;0&quot;,&quot;credit&quot;:&quot;&quot;,&quot;camera&quot;:&quot;&quot;,&quot;caption&quot;:&quot;&quot;,&quot;created_timestamp&quot;:&quot;0&quot;,&quot;copyright&quot;:&quot;&quot;,&quot;focal_length&quot;:&quot;0&quot;,&quot;iso&quot;:&quot;0&quot;,&quot;shutter_speed&quot;:&quot;0&quot;,&quot;title&quot;:&quot;&quot;,&quot;orientation&quot;:&quot;0&quot;}\" data-image-title=\"export1616080099562\" data-image-description=\"\" data-image-caption=\"\" data-large-file=\"https:\/\/i0.wp.com\/ideevan.fr\/wp-content\/uploads\/2021\/03\/export1616080099562-edited.jpg?fit=1024%2C638&amp;ssl=1\" src=\"https:\/\/i0.wp.com\/ideevan.fr\/wp-content\/uploads\/2021\/03\/export1616080099562-edited-1024x638.jpg?resize=1024%2C638\" alt=\"image pr\u00e9sentant les diff\u00e9rentes teintes de la gamme oil plus 2C de chez Rubio\" class=\"wp-image-729\" srcset=\"https:\/\/i0.wp.com\/ideevan.fr\/wp-content\/uploads\/2021\/03\/export1616080099562-edited.jpg?resize=1024%2C638&amp;ssl=1 1024w, https:\/\/i0.wp.com\/ideevan.fr\/wp-content\/uploads\/2021\/03\/export1616080099562-edited.jpg?resize=300%2C187&amp;ssl=1 300w, https:\/\/i0.wp.com\/ideevan.fr\/wp-content\/uploads\/2021\/03\/export1616080099562-edited.jpg?resize=768%2C479&amp;ssl=1 768w, https:\/\/i0.wp.com\/ideevan.fr\/wp-content\/uploads\/2021\/03\/export1616080099562-edited.jpg?w=1333&amp;ssl=1 1333w\" sizes=\"auto, (max-width: 1024px) 100vw, 1024px\" \/><\/figure>\n\n\n\n<p class=\"has-drop-cap has-neve-link-color-color has-text-color\">Voici un nuancier de 6 huiles diff\u00e9rentes de la gamme sur 3 panneaux de bois que nous utilisons. De quoi vous offrir une prestation sur-mesure et un am\u00e9nagement de van \u00e0 votre go\u00fbt !<\/p>\n<\/div><\/div>\n\n\n\n<div class=\"wp-block-cover alignfull has-nv-site-bg-background-color has-background-dim\"><div class=\"wp-block-cover__inner-container is-layout-flow wp-block-cover-is-layout-flow\">\n<div style=\"height:40px\" aria-hidden=\"true\" class=\"wp-block-spacer\"><\/div>\n\n\n\n<h2 class=\"has-text-align-center wp-block-heading\"><span class=\"has-inline-color has-neve-link-color-color\">Pour plus de fantaisie dans votre v\u00e9hicule !<\/span><\/h2>\n\n\n\n<div class=\"wp-block-columns is-layout-flex wp-container-core-columns-is-layout-9d6595d7 wp-block-columns-is-layout-flex\">\n<div class=\"wp-block-column is-layout-flow wp-block-column-is-layout-flow\" style=\"flex-basis:33.33%\">\n<figure class=\"wp-block-image size-large\"><img data-recalc-dims=\"1\" loading=\"lazy\" decoding=\"async\" width=\"782\" height=\"795\" data-attachment-id=\"901\" data-permalink=\"https:\/\/ideevan.fr\/index.php\/2021\/03\/19\/rubio-la-touche-final-pour-votre-amenagement-de-van\/image2\/\" data-orig-file=\"https:\/\/i0.wp.com\/ideevan.fr\/wp-content\/uploads\/2021\/03\/Image2.png?fit=782%2C795&amp;ssl=1\" data-orig-size=\"782,795\" data-comments-opened=\"1\" data-image-meta=\"{&quot;aperture&quot;:&quot;0&quot;,&quot;credit&quot;:&quot;&quot;,&quot;camera&quot;:&quot;&quot;,&quot;caption&quot;:&quot;&quot;,&quot;created_timestamp&quot;:&quot;0&quot;,&quot;copyright&quot;:&quot;&quot;,&quot;focal_length&quot;:&quot;0&quot;,&quot;iso&quot;:&quot;0&quot;,&quot;shutter_speed&quot;:&quot;0&quot;,&quot;title&quot;:&quot;&quot;,&quot;orientation&quot;:&quot;0&quot;}\" data-image-title=\"Image2\" data-image-description=\"\" data-image-caption=\"\" data-large-file=\"https:\/\/i0.wp.com\/ideevan.fr\/wp-content\/uploads\/2021\/03\/Image2.png?fit=782%2C795&amp;ssl=1\" src=\"https:\/\/i0.wp.com\/ideevan.fr\/wp-content\/uploads\/2021\/03\/Image2.png?resize=782%2C795&#038;ssl=1\" alt=\"marque pour pr\u00e9senter les produits valchromate\" class=\"wp-image-901\" srcset=\"https:\/\/i0.wp.com\/ideevan.fr\/wp-content\/uploads\/2021\/03\/Image2.png?w=782&amp;ssl=1 782w, https:\/\/i0.wp.com\/ideevan.fr\/wp-content\/uploads\/2021\/03\/Image2.png?resize=295%2C300&amp;ssl=1 295w, https:\/\/i0.wp.com\/ideevan.fr\/wp-content\/uploads\/2021\/03\/Image2.png?resize=768%2C781&amp;ssl=1 768w\" sizes=\"auto, (max-width: 782px) 100vw, 782px\" \/><\/figure>\n\n\n\n<p style=\"font-size:10px\"><\/p>\n<\/div>\n\n\n\n<div class=\"wp-block-column is-layout-flow wp-block-column-is-layout-flow\" style=\"flex-basis:66.66%\">\n<p class=\"has-drop-cap\"><span class=\"has-inline-color has-neve-link-color-color\">Il existe la gamme Easy Deco Valchromat ! Pour, donner de la profondeur, du caract\u00e8re \u00e0 ce mat\u00e9riau, rien de mieux. Par cons\u00e9quent mettez de la couleur dans votre van<\/span> !<\/p>\n<\/div>\n<\/div>\n<\/div><\/div>\n\n\n\n<div class=\"wp-block-cover alignfull has-nv-site-bg-background-color has-background-dim\" style=\"min-height:407px;aspect-ratio:unset;\"><div class=\"wp-block-cover__inner-container is-layout-flow wp-block-cover-is-layout-flow\">\n<h2 class=\"has-text-align-center wp-block-heading\" style=\"font-size:45px\"><span class=\"has-inline-color has-neve-link-color-color\">Pourquoi ne pas aller plus loin ?<\/span><\/h2>\n\n\n\n<div class=\"wp-block-columns is-layout-flex wp-container-core-columns-is-layout-9d6595d7 wp-block-columns-is-layout-flex\">\n<div class=\"wp-block-column is-layout-flow wp-block-column-is-layout-flow\" style=\"flex-basis:33.33%\">\n<figure class=\"wp-block-image size-large\"><img data-recalc-dims=\"1\" loading=\"lazy\" decoding=\"async\" width=\"1024\" height=\"681\" data-attachment-id=\"902\" data-permalink=\"https:\/\/ideevan.fr\/index.php\/2021\/03\/19\/rubio-la-touche-final-pour-votre-amenagement-de-van\/image1\/\" data-orig-file=\"https:\/\/i0.wp.com\/ideevan.fr\/wp-content\/uploads\/2021\/03\/Image1.png?fit=1500%2C997&amp;ssl=1\" data-orig-size=\"1500,997\" data-comments-opened=\"1\" data-image-meta=\"{&quot;aperture&quot;:&quot;0&quot;,&quot;credit&quot;:&quot;&quot;,&quot;camera&quot;:&quot;&quot;,&quot;caption&quot;:&quot;&quot;,&quot;created_timestamp&quot;:&quot;0&quot;,&quot;copyright&quot;:&quot;&quot;,&quot;focal_length&quot;:&quot;0&quot;,&quot;iso&quot;:&quot;0&quot;,&quot;shutter_speed&quot;:&quot;0&quot;,&quot;title&quot;:&quot;&quot;,&quot;orientation&quot;:&quot;0&quot;}\" data-image-title=\"Image1\" data-image-description=\"\" data-image-caption=\"\" data-large-file=\"https:\/\/i0.wp.com\/ideevan.fr\/wp-content\/uploads\/2021\/03\/Image1.png?fit=1024%2C681&amp;ssl=1\" src=\"https:\/\/i0.wp.com\/ideevan.fr\/wp-content\/uploads\/2021\/03\/Image1.png?resize=1024%2C681&#038;ssl=1\" alt=\"image pour pr\u00e9senter l'huile easy d\u00e9co sagesse de la marque Rubio\" class=\"wp-image-902\" srcset=\"https:\/\/i0.wp.com\/ideevan.fr\/wp-content\/uploads\/2021\/03\/Image1.png?resize=1024%2C681&amp;ssl=1 1024w, https:\/\/i0.wp.com\/ideevan.fr\/wp-content\/uploads\/2021\/03\/Image1.png?resize=300%2C199&amp;ssl=1 300w, https:\/\/i0.wp.com\/ideevan.fr\/wp-content\/uploads\/2021\/03\/Image1.png?resize=768%2C510&amp;ssl=1 768w, https:\/\/i0.wp.com\/ideevan.fr\/wp-content\/uploads\/2021\/03\/Image1.png?w=1500&amp;ssl=1 1500w\" sizes=\"auto, (max-width: 1024px) 100vw, 1024px\" \/><\/figure>\n<\/div>\n\n\n\n<div class=\"wp-block-column is-layout-flow wp-block-column-is-layout-flow\" style=\"flex-basis:66.66%\">\n<p class=\"has-drop-cap\"><span class=\"has-inline-color has-neve-link-color-color\">Vous aimeriez mettre de la couleur, mais vous n&#8217;aimez pas l&#8217;aspect du Valchromat. Toute fois, avec la gamme Easy D\u00e9co, nous pouvons teindre le bois pour \u00e9gayer votre am\u00e9nagement.<\/span><\/p>\n<\/div>\n<\/div>\n\n\n\n<div style=\"height:6px\" aria-hidden=\"true\" class=\"wp-block-spacer\"><\/div>\n\n\n\n<h2 class=\"wp-block-heading\"><span class=\"has-inline-color has-neve-link-color-color\">Vous voulez en savoir plus ? Rendez-vous sur un site de revendeur !<\/span><\/h2>\n\n\n\n<div class=\"wp-block-columns is-layout-flex wp-container-core-columns-is-layout-9d6595d7 wp-block-columns-is-layout-flex\">\n<div class=\"wp-block-column is-layout-flow wp-block-column-is-layout-flow\">\n<figure class=\"wp-block-image size-large\"><a href=\"https:\/\/www.acheter-rubio.fr\/?gclid=CjwKCAjwu5CDBhB9EiwA0w6sLZomK8wsTWOUlFJ4TO0LDeRikuxIFndHL63ZBpYBd5lxgHNOZriwUBoCOf0QAvD_BwE\"><img data-recalc-dims=\"1\" loading=\"lazy\" decoding=\"async\" width=\"225\" height=\"225\" data-attachment-id=\"903\" data-permalink=\"https:\/\/ideevan.fr\/index.php\/2021\/03\/19\/rubio-la-touche-final-pour-votre-amenagement-de-van\/images-2\/\" data-orig-file=\"https:\/\/i0.wp.com\/ideevan.fr\/wp-content\/uploads\/2021\/03\/images.png?fit=225%2C225&amp;ssl=1\" data-orig-size=\"225,225\" data-comments-opened=\"1\" data-image-meta=\"{&quot;aperture&quot;:&quot;0&quot;,&quot;credit&quot;:&quot;&quot;,&quot;camera&quot;:&quot;&quot;,&quot;caption&quot;:&quot;&quot;,&quot;created_timestamp&quot;:&quot;0&quot;,&quot;copyright&quot;:&quot;&quot;,&quot;focal_length&quot;:&quot;0&quot;,&quot;iso&quot;:&quot;0&quot;,&quot;shutter_speed&quot;:&quot;0&quot;,&quot;title&quot;:&quot;&quot;,&quot;orientation&quot;:&quot;0&quot;}\" data-image-title=\"images\" data-image-description=\"\" data-image-caption=\"\" data-large-file=\"https:\/\/i0.wp.com\/ideevan.fr\/wp-content\/uploads\/2021\/03\/images.png?fit=225%2C225&amp;ssl=1\" src=\"https:\/\/i0.wp.com\/ideevan.fr\/wp-content\/uploads\/2021\/03\/images.png?resize=225%2C225&#038;ssl=1\" alt=\"image pour aller sur le site revendeur\" class=\"wp-image-903\" srcset=\"https:\/\/i0.wp.com\/ideevan.fr\/wp-content\/uploads\/2021\/03\/images.png?w=225&amp;ssl=1 225w, https:\/\/i0.wp.com\/ideevan.fr\/wp-content\/uploads\/2021\/03\/images.png?resize=150%2C150&amp;ssl=1 150w\" sizes=\"auto, (max-width: 225px) 100vw, 225px\" \/><\/a><\/figure>\n<\/div>\n\n\n\n<div class=\"wp-block-column is-layout-flow wp-block-column-is-layout-flow\">\n<p><span class=\"has-inline-color has-neve-link-color-color\">Le site www.acheter-rubio.fr vous attend avec toute la gamme de produits de la marque Rubio <\/span>! Tout pour la finition bois de votre am\u00e9nagement de van <\/p>\n<\/div>\n<\/div>\n<\/div><\/div>\n<\/div><\/div>\n\n\n\n<p>  <\/p>\n","protected":false},"excerpt":{"rendered":"<p>Les huiles de finition Rubio sont de superbes produits ! Avec une multitude de teintes et des huiles offrant des niveaux de protection pour tous les usages, la gamme Rubio permet d&#8217;obtenir une finition bois de votre am\u00e9nagement de van \u00e0 votre go\u00fbt et faciles d&#8217;entretien. Nous travaillons avec ce produit depuis d\u00e9j\u00e0 4 ans,&hellip;&nbsp;<a href=\"https:\/\/ideevan.fr\/index.php\/2021\/03\/19\/rubio-la-touche-final-pour-votre-amenagement-de-van\/\" rel=\"bookmark\">Read More &raquo;<span class=\"screen-reader-text\">Rubio, la touche finale pour votre am\u00e9nagement<\/span><\/a><\/p>\n","protected":false},"author":1,"featured_media":727,"comment_status":"open","ping_status":"open","sticky":false,"template":"","format":"standard","meta":{"_uag_custom_page_level_css":"","neve_meta_sidebar":"","neve_meta_container":"","neve_meta_enable_content_width":"","neve_meta_content_width":0,"neve_meta_title_alignment":"","neve_meta_author_avatar":"","neve_post_elements_order":"","neve_meta_disable_header":"","neve_meta_disable_footer":"","neve_meta_disable_title":"","_jetpack_memberships_contains_paid_content":false,"footnotes":"","jetpack_publicize_message":"","jetpack_publicize_feature_enabled":true,"jetpack_social_post_already_shared":true,"jetpack_social_options":{"image_generator_settings":{"template":"highway","default_image_id":0,"font":"","enabled":false},"version":2}},"categories":[8],"tags":[],"class_list":["post-708","post","type-post","status-publish","format-standard","has-post-thumbnail","hentry","category-blog"],"yoast_head":"<!-- This site is optimized with the Yoast SEO plugin v27.5 - https:\/\/yoast.com\/product\/yoast-seo-wordpress\/ -->\n<title>Venis Rubio pour l&#039;am\u00e9nagement de van<\/title>\n<meta name=\"description\" content=\"Nous travaillons avec les produits de chez Rubio. Ce fabricant a con\u00e7u une v\u00e9ritable huile mono-couche facile d&#039;usage et \u00e9co-responsable, id\u00e9ale pour la finition bois de votre am\u00e9nagement de van\" \/>\n<meta name=\"robots\" content=\"index, follow, max-snippet:-1, max-image-preview:large, max-video-preview:-1\" \/>\n<link rel=\"canonical\" href=\"https:\/\/ideevan.fr\/index.php\/2021\/03\/19\/rubio-la-touche-final-pour-votre-amenagement-de-van\/\" \/>\n<meta property=\"og:locale\" content=\"en_US\" \/>\n<meta property=\"og:type\" content=\"article\" \/>\n<meta property=\"og:title\" content=\"Venis Rubio pour l&#039;am\u00e9nagement de van\" \/>\n<meta property=\"og:description\" content=\"Nous travaillons avec les produits de chez Rubio. Ce fabricant a con\u00e7u une v\u00e9ritable huile mono-couche facile d&#039;usage et \u00e9co-responsable, id\u00e9ale pour la finition bois de votre am\u00e9nagement de van\" \/>\n<meta property=\"og:url\" content=\"https:\/\/ideevan.fr\/index.php\/2021\/03\/19\/rubio-la-touche-final-pour-votre-amenagement-de-van\/\" \/>\n<meta property=\"og:site_name\" content=\"Id\u00e9e Van\" \/>\n<meta property=\"article:publisher\" content=\"https:\/\/www.facebook.com\/Alex.19869\" \/>\n<meta property=\"article:published_time\" content=\"2021-03-19T11:00:04+00:00\" \/>\n<meta property=\"article:modified_time\" content=\"2021-04-29T07:17:21+00:00\" \/>\n<meta property=\"og:image\" content=\"https:\/\/i1.wp.com\/ideevan.fr\/wp-content\/uploads\/2021\/03\/KING-OF-COLOURS-1024x512-1.jpg?fit=1024%2C512&ssl=1\" \/>\n\t<meta property=\"og:image:width\" content=\"1024\" \/>\n\t<meta property=\"og:image:height\" content=\"512\" \/>\n\t<meta property=\"og:image:type\" content=\"image\/jpeg\" \/>\n<meta name=\"author\" content=\"Alex d&#039;Id\u00e9e Van\" \/>\n<meta name=\"twitter:card\" content=\"summary_large_image\" \/>\n<meta name=\"twitter:label1\" content=\"Written by\" \/>\n\t<meta name=\"twitter:data1\" content=\"Alex d&#039;Id\u00e9e Van\" \/>\n\t<meta name=\"twitter:label2\" content=\"Est. reading time\" \/>\n\t<meta name=\"twitter:data2\" content=\"4 minutes\" \/>\n<script type=\"application\/ld+json\" class=\"yoast-schema-graph\">{\"@context\":\"https:\\\/\\\/schema.org\",\"@graph\":[{\"@type\":\"Article\",\"@id\":\"https:\\\/\\\/ideevan.fr\\\/index.php\\\/2021\\\/03\\\/19\\\/rubio-la-touche-final-pour-votre-amenagement-de-van\\\/#article\",\"isPartOf\":{\"@id\":\"https:\\\/\\\/ideevan.fr\\\/index.php\\\/2021\\\/03\\\/19\\\/rubio-la-touche-final-pour-votre-amenagement-de-van\\\/\"},\"author\":{\"name\":\"Alex d'Id\u00e9e Van\",\"@id\":\"https:\\\/\\\/ideevan.fr\\\/#\\\/schema\\\/person\\\/9da2dc6f240f6c0f323b4c0fc415986a\"},\"headline\":\"Rubio, la touche finale pour votre am\u00e9nagement\",\"datePublished\":\"2021-03-19T11:00:04+00:00\",\"dateModified\":\"2021-04-29T07:17:21+00:00\",\"mainEntityOfPage\":{\"@id\":\"https:\\\/\\\/ideevan.fr\\\/index.php\\\/2021\\\/03\\\/19\\\/rubio-la-touche-final-pour-votre-amenagement-de-van\\\/\"},\"wordCount\":543,\"commentCount\":0,\"publisher\":{\"@id\":\"https:\\\/\\\/ideevan.fr\\\/#organization\"},\"image\":{\"@id\":\"https:\\\/\\\/ideevan.fr\\\/index.php\\\/2021\\\/03\\\/19\\\/rubio-la-touche-final-pour-votre-amenagement-de-van\\\/#primaryimage\"},\"thumbnailUrl\":\"https:\\\/\\\/i0.wp.com\\\/ideevan.fr\\\/wp-content\\\/uploads\\\/2021\\\/03\\\/KING-OF-COLOURS-1024x512-1.jpg?fit=1024%2C512&ssl=1\",\"articleSection\":[\"blog\"],\"inLanguage\":\"en-US\",\"potentialAction\":[{\"@type\":\"CommentAction\",\"name\":\"Comment\",\"target\":[\"https:\\\/\\\/ideevan.fr\\\/index.php\\\/2021\\\/03\\\/19\\\/rubio-la-touche-final-pour-votre-amenagement-de-van\\\/#respond\"]}]},{\"@type\":\"WebPage\",\"@id\":\"https:\\\/\\\/ideevan.fr\\\/index.php\\\/2021\\\/03\\\/19\\\/rubio-la-touche-final-pour-votre-amenagement-de-van\\\/\",\"url\":\"https:\\\/\\\/ideevan.fr\\\/index.php\\\/2021\\\/03\\\/19\\\/rubio-la-touche-final-pour-votre-amenagement-de-van\\\/\",\"name\":\"Venis Rubio pour l'am\u00e9nagement de van\",\"isPartOf\":{\"@id\":\"https:\\\/\\\/ideevan.fr\\\/#website\"},\"primaryImageOfPage\":{\"@id\":\"https:\\\/\\\/ideevan.fr\\\/index.php\\\/2021\\\/03\\\/19\\\/rubio-la-touche-final-pour-votre-amenagement-de-van\\\/#primaryimage\"},\"image\":{\"@id\":\"https:\\\/\\\/ideevan.fr\\\/index.php\\\/2021\\\/03\\\/19\\\/rubio-la-touche-final-pour-votre-amenagement-de-van\\\/#primaryimage\"},\"thumbnailUrl\":\"https:\\\/\\\/i0.wp.com\\\/ideevan.fr\\\/wp-content\\\/uploads\\\/2021\\\/03\\\/KING-OF-COLOURS-1024x512-1.jpg?fit=1024%2C512&ssl=1\",\"datePublished\":\"2021-03-19T11:00:04+00:00\",\"dateModified\":\"2021-04-29T07:17:21+00:00\",\"description\":\"Nous travaillons avec les produits de chez Rubio. Ce fabricant a con\u00e7u une v\u00e9ritable huile mono-couche facile d'usage et \u00e9co-responsable, id\u00e9ale pour la finition bois de votre am\u00e9nagement de van\",\"breadcrumb\":{\"@id\":\"https:\\\/\\\/ideevan.fr\\\/index.php\\\/2021\\\/03\\\/19\\\/rubio-la-touche-final-pour-votre-amenagement-de-van\\\/#breadcrumb\"},\"inLanguage\":\"en-US\",\"potentialAction\":[{\"@type\":\"ReadAction\",\"target\":[\"https:\\\/\\\/ideevan.fr\\\/index.php\\\/2021\\\/03\\\/19\\\/rubio-la-touche-final-pour-votre-amenagement-de-van\\\/\"]}]},{\"@type\":\"ImageObject\",\"inLanguage\":\"en-US\",\"@id\":\"https:\\\/\\\/ideevan.fr\\\/index.php\\\/2021\\\/03\\\/19\\\/rubio-la-touche-final-pour-votre-amenagement-de-van\\\/#primaryimage\",\"url\":\"https:\\\/\\\/i0.wp.com\\\/ideevan.fr\\\/wp-content\\\/uploads\\\/2021\\\/03\\\/KING-OF-COLOURS-1024x512-1.jpg?fit=1024%2C512&ssl=1\",\"contentUrl\":\"https:\\\/\\\/i0.wp.com\\\/ideevan.fr\\\/wp-content\\\/uploads\\\/2021\\\/03\\\/KING-OF-COLOURS-1024x512-1.jpg?fit=1024%2C512&ssl=1\",\"width\":1024,\"height\":512,\"caption\":\"www.lesbichons.com\"},{\"@type\":\"BreadcrumbList\",\"@id\":\"https:\\\/\\\/ideevan.fr\\\/index.php\\\/2021\\\/03\\\/19\\\/rubio-la-touche-final-pour-votre-amenagement-de-van\\\/#breadcrumb\",\"itemListElement\":[{\"@type\":\"ListItem\",\"position\":1,\"name\":\"Am\u00e9nagement fourgon\",\"item\":\"https:\\\/\\\/ideevan.fr\\\/\"},{\"@type\":\"ListItem\",\"position\":2,\"name\":\"Rubio, la touche finale pour votre am\u00e9nagement\"}]},{\"@type\":\"WebSite\",\"@id\":\"https:\\\/\\\/ideevan.fr\\\/#website\",\"url\":\"https:\\\/\\\/ideevan.fr\\\/\",\"name\":\"Id\u00e9e Van\",\"description\":\"Un site utilisant WordPress\",\"publisher\":{\"@id\":\"https:\\\/\\\/ideevan.fr\\\/#organization\"},\"potentialAction\":[{\"@type\":\"SearchAction\",\"target\":{\"@type\":\"EntryPoint\",\"urlTemplate\":\"https:\\\/\\\/ideevan.fr\\\/?s={search_term_string}\"},\"query-input\":{\"@type\":\"PropertyValueSpecification\",\"valueRequired\":true,\"valueName\":\"search_term_string\"}}],\"inLanguage\":\"en-US\"},{\"@type\":\"Organization\",\"@id\":\"https:\\\/\\\/ideevan.fr\\\/#organization\",\"name\":\"id\u00e9e van\",\"url\":\"https:\\\/\\\/ideevan.fr\\\/\",\"logo\":{\"@type\":\"ImageObject\",\"inLanguage\":\"en-US\",\"@id\":\"https:\\\/\\\/ideevan.fr\\\/#\\\/schema\\\/logo\\\/image\\\/\",\"url\":\"https:\\\/\\\/i1.wp.com\\\/ideevan.fr\\\/wp-content\\\/uploads\\\/2021\\\/03\\\/Logo_IDvanOK.png?fit=1241%2C1241&ssl=1\",\"contentUrl\":\"https:\\\/\\\/i1.wp.com\\\/ideevan.fr\\\/wp-content\\\/uploads\\\/2021\\\/03\\\/Logo_IDvanOK.png?fit=1241%2C1241&ssl=1\",\"width\":1241,\"height\":1241,\"caption\":\"id\u00e9e van\"},\"image\":{\"@id\":\"https:\\\/\\\/ideevan.fr\\\/#\\\/schema\\\/logo\\\/image\\\/\"},\"sameAs\":[\"https:\\\/\\\/www.facebook.com\\\/Alex.19869\",\"https:\\\/\\\/www.instagram.com\\\/ideevan38\\\/\"]},{\"@type\":\"Person\",\"@id\":\"https:\\\/\\\/ideevan.fr\\\/#\\\/schema\\\/person\\\/9da2dc6f240f6c0f323b4c0fc415986a\",\"name\":\"Alex d'Id\u00e9e Van\",\"image\":{\"@type\":\"ImageObject\",\"inLanguage\":\"en-US\",\"@id\":\"https:\\\/\\\/secure.gravatar.com\\\/avatar\\\/db2747b7616ff47165dcdbea6ff93f2be4b042b390a509b3e8f7eccc72554d03?s=96&d=mm&r=g\",\"url\":\"https:\\\/\\\/secure.gravatar.com\\\/avatar\\\/db2747b7616ff47165dcdbea6ff93f2be4b042b390a509b3e8f7eccc72554d03?s=96&d=mm&r=g\",\"contentUrl\":\"https:\\\/\\\/secure.gravatar.com\\\/avatar\\\/db2747b7616ff47165dcdbea6ff93f2be4b042b390a509b3e8f7eccc72554d03?s=96&d=mm&r=g\",\"caption\":\"Alex d'Id\u00e9e Van\"},\"sameAs\":[\"http:\\\/\\\/ideevan.fr\"],\"url\":\"https:\\\/\\\/ideevan.fr\\\/index.php\\\/author\\\/admin9689\\\/\"}]}<\/script>\n<!-- \/ Yoast SEO plugin. -->","yoast_head_json":{"title":"Venis Rubio pour l'am\u00e9nagement de van","description":"Nous travaillons avec les produits de chez Rubio. Ce fabricant a con\u00e7u une v\u00e9ritable huile mono-couche facile d'usage et \u00e9co-responsable, id\u00e9ale pour la finition bois de votre am\u00e9nagement de van","robots":{"index":"index","follow":"follow","max-snippet":"max-snippet:-1","max-image-preview":"max-image-preview:large","max-video-preview":"max-video-preview:-1"},"canonical":"https:\/\/ideevan.fr\/index.php\/2021\/03\/19\/rubio-la-touche-final-pour-votre-amenagement-de-van\/","og_locale":"en_US","og_type":"article","og_title":"Venis Rubio pour l'am\u00e9nagement de van","og_description":"Nous travaillons avec les produits de chez Rubio. Ce fabricant a con\u00e7u une v\u00e9ritable huile mono-couche facile d'usage et \u00e9co-responsable, id\u00e9ale pour la finition bois de votre am\u00e9nagement de van","og_url":"https:\/\/ideevan.fr\/index.php\/2021\/03\/19\/rubio-la-touche-final-pour-votre-amenagement-de-van\/","og_site_name":"Id\u00e9e Van","article_publisher":"https:\/\/www.facebook.com\/Alex.19869","article_published_time":"2021-03-19T11:00:04+00:00","article_modified_time":"2021-04-29T07:17:21+00:00","og_image":[{"width":1024,"height":512,"url":"https:\/\/i1.wp.com\/ideevan.fr\/wp-content\/uploads\/2021\/03\/KING-OF-COLOURS-1024x512-1.jpg?fit=1024%2C512&ssl=1","type":"image\/jpeg"}],"author":"Alex d'Id\u00e9e Van","twitter_card":"summary_large_image","twitter_misc":{"Written by":"Alex d'Id\u00e9e Van","Est. reading time":"4 minutes"},"schema":{"@context":"https:\/\/schema.org","@graph":[{"@type":"Article","@id":"https:\/\/ideevan.fr\/index.php\/2021\/03\/19\/rubio-la-touche-final-pour-votre-amenagement-de-van\/#article","isPartOf":{"@id":"https:\/\/ideevan.fr\/index.php\/2021\/03\/19\/rubio-la-touche-final-pour-votre-amenagement-de-van\/"},"author":{"name":"Alex d'Id\u00e9e Van","@id":"https:\/\/ideevan.fr\/#\/schema\/person\/9da2dc6f240f6c0f323b4c0fc415986a"},"headline":"Rubio, la touche finale pour votre am\u00e9nagement","datePublished":"2021-03-19T11:00:04+00:00","dateModified":"2021-04-29T07:17:21+00:00","mainEntityOfPage":{"@id":"https:\/\/ideevan.fr\/index.php\/2021\/03\/19\/rubio-la-touche-final-pour-votre-amenagement-de-van\/"},"wordCount":543,"commentCount":0,"publisher":{"@id":"https:\/\/ideevan.fr\/#organization"},"image":{"@id":"https:\/\/ideevan.fr\/index.php\/2021\/03\/19\/rubio-la-touche-final-pour-votre-amenagement-de-van\/#primaryimage"},"thumbnailUrl":"https:\/\/i0.wp.com\/ideevan.fr\/wp-content\/uploads\/2021\/03\/KING-OF-COLOURS-1024x512-1.jpg?fit=1024%2C512&ssl=1","articleSection":["blog"],"inLanguage":"en-US","potentialAction":[{"@type":"CommentAction","name":"Comment","target":["https:\/\/ideevan.fr\/index.php\/2021\/03\/19\/rubio-la-touche-final-pour-votre-amenagement-de-van\/#respond"]}]},{"@type":"WebPage","@id":"https:\/\/ideevan.fr\/index.php\/2021\/03\/19\/rubio-la-touche-final-pour-votre-amenagement-de-van\/","url":"https:\/\/ideevan.fr\/index.php\/2021\/03\/19\/rubio-la-touche-final-pour-votre-amenagement-de-van\/","name":"Venis Rubio pour l'am\u00e9nagement de van","isPartOf":{"@id":"https:\/\/ideevan.fr\/#website"},"primaryImageOfPage":{"@id":"https:\/\/ideevan.fr\/index.php\/2021\/03\/19\/rubio-la-touche-final-pour-votre-amenagement-de-van\/#primaryimage"},"image":{"@id":"https:\/\/ideevan.fr\/index.php\/2021\/03\/19\/rubio-la-touche-final-pour-votre-amenagement-de-van\/#primaryimage"},"thumbnailUrl":"https:\/\/i0.wp.com\/ideevan.fr\/wp-content\/uploads\/2021\/03\/KING-OF-COLOURS-1024x512-1.jpg?fit=1024%2C512&ssl=1","datePublished":"2021-03-19T11:00:04+00:00","dateModified":"2021-04-29T07:17:21+00:00","description":"Nous travaillons avec les produits de chez Rubio. Ce fabricant a con\u00e7u une v\u00e9ritable huile mono-couche facile d'usage et \u00e9co-responsable, id\u00e9ale pour la finition bois de votre am\u00e9nagement de van","breadcrumb":{"@id":"https:\/\/ideevan.fr\/index.php\/2021\/03\/19\/rubio-la-touche-final-pour-votre-amenagement-de-van\/#breadcrumb"},"inLanguage":"en-US","potentialAction":[{"@type":"ReadAction","target":["https:\/\/ideevan.fr\/index.php\/2021\/03\/19\/rubio-la-touche-final-pour-votre-amenagement-de-van\/"]}]},{"@type":"ImageObject","inLanguage":"en-US","@id":"https:\/\/ideevan.fr\/index.php\/2021\/03\/19\/rubio-la-touche-final-pour-votre-amenagement-de-van\/#primaryimage","url":"https:\/\/i0.wp.com\/ideevan.fr\/wp-content\/uploads\/2021\/03\/KING-OF-COLOURS-1024x512-1.jpg?fit=1024%2C512&ssl=1","contentUrl":"https:\/\/i0.wp.com\/ideevan.fr\/wp-content\/uploads\/2021\/03\/KING-OF-COLOURS-1024x512-1.jpg?fit=1024%2C512&ssl=1","width":1024,"height":512,"caption":"www.lesbichons.com"},{"@type":"BreadcrumbList","@id":"https:\/\/ideevan.fr\/index.php\/2021\/03\/19\/rubio-la-touche-final-pour-votre-amenagement-de-van\/#breadcrumb","itemListElement":[{"@type":"ListItem","position":1,"name":"Am\u00e9nagement fourgon","item":"https:\/\/ideevan.fr\/"},{"@type":"ListItem","position":2,"name":"Rubio, la touche finale pour votre am\u00e9nagement"}]},{"@type":"WebSite","@id":"https:\/\/ideevan.fr\/#website","url":"https:\/\/ideevan.fr\/","name":"Id\u00e9e Van","description":"Un site utilisant WordPress","publisher":{"@id":"https:\/\/ideevan.fr\/#organization"},"potentialAction":[{"@type":"SearchAction","target":{"@type":"EntryPoint","urlTemplate":"https:\/\/ideevan.fr\/?s={search_term_string}"},"query-input":{"@type":"PropertyValueSpecification","valueRequired":true,"valueName":"search_term_string"}}],"inLanguage":"en-US"},{"@type":"Organization","@id":"https:\/\/ideevan.fr\/#organization","name":"id\u00e9e van","url":"https:\/\/ideevan.fr\/","logo":{"@type":"ImageObject","inLanguage":"en-US","@id":"https:\/\/ideevan.fr\/#\/schema\/logo\/image\/","url":"https:\/\/i1.wp.com\/ideevan.fr\/wp-content\/uploads\/2021\/03\/Logo_IDvanOK.png?fit=1241%2C1241&ssl=1","contentUrl":"https:\/\/i1.wp.com\/ideevan.fr\/wp-content\/uploads\/2021\/03\/Logo_IDvanOK.png?fit=1241%2C1241&ssl=1","width":1241,"height":1241,"caption":"id\u00e9e van"},"image":{"@id":"https:\/\/ideevan.fr\/#\/schema\/logo\/image\/"},"sameAs":["https:\/\/www.facebook.com\/Alex.19869","https:\/\/www.instagram.com\/ideevan38\/"]},{"@type":"Person","@id":"https:\/\/ideevan.fr\/#\/schema\/person\/9da2dc6f240f6c0f323b4c0fc415986a","name":"Alex d'Id\u00e9e Van","image":{"@type":"ImageObject","inLanguage":"en-US","@id":"https:\/\/secure.gravatar.com\/avatar\/db2747b7616ff47165dcdbea6ff93f2be4b042b390a509b3e8f7eccc72554d03?s=96&d=mm&r=g","url":"https:\/\/secure.gravatar.com\/avatar\/db2747b7616ff47165dcdbea6ff93f2be4b042b390a509b3e8f7eccc72554d03?s=96&d=mm&r=g","contentUrl":"https:\/\/secure.gravatar.com\/avatar\/db2747b7616ff47165dcdbea6ff93f2be4b042b390a509b3e8f7eccc72554d03?s=96&d=mm&r=g","caption":"Alex d'Id\u00e9e Van"},"sameAs":["http:\/\/ideevan.fr"],"url":"https:\/\/ideevan.fr\/index.php\/author\/admin9689\/"}]}},"jetpack_publicize_connections":[],"jetpack_featured_media_url":"https:\/\/i0.wp.com\/ideevan.fr\/wp-content\/uploads\/2021\/03\/KING-OF-COLOURS-1024x512-1.jpg?fit=1024%2C512&ssl=1","uagb_featured_image_src":{"full":["https:\/\/i0.wp.com\/ideevan.fr\/wp-content\/uploads\/2021\/03\/KING-OF-COLOURS-1024x512-1.jpg?fit=1024%2C512&ssl=1",1024,512,false],"thumbnail":["https:\/\/i0.wp.com\/ideevan.fr\/wp-content\/uploads\/2021\/03\/KING-OF-COLOURS-1024x512-1.jpg?resize=150%2C150&ssl=1",150,150,true],"medium":["https:\/\/i0.wp.com\/ideevan.fr\/wp-content\/uploads\/2021\/03\/KING-OF-COLOURS-1024x512-1.jpg?fit=300%2C150&ssl=1",300,150,true],"medium_large":["https:\/\/i0.wp.com\/ideevan.fr\/wp-content\/uploads\/2021\/03\/KING-OF-COLOURS-1024x512-1.jpg?fit=768%2C384&ssl=1",768,384,true],"large":["https:\/\/i0.wp.com\/ideevan.fr\/wp-content\/uploads\/2021\/03\/KING-OF-COLOURS-1024x512-1.jpg?fit=1024%2C512&ssl=1",1024,512,true],"1536x1536":["https:\/\/i0.wp.com\/ideevan.fr\/wp-content\/uploads\/2021\/03\/KING-OF-COLOURS-1024x512-1.jpg?fit=1024%2C512&ssl=1",1024,512,true],"2048x2048":["https:\/\/i0.wp.com\/ideevan.fr\/wp-content\/uploads\/2021\/03\/KING-OF-COLOURS-1024x512-1.jpg?fit=1024%2C512&ssl=1",1024,512,true],"neve-blog":["https:\/\/i0.wp.com\/ideevan.fr\/wp-content\/uploads\/2021\/03\/KING-OF-COLOURS-1024x512-1.jpg?resize=930%2C512&ssl=1",930,512,true]},"uagb_author_info":{"display_name":"Alex d'Id\u00e9e Van","author_link":"https:\/\/ideevan.fr\/index.php\/author\/admin9689\/"},"uagb_comment_info":0,"uagb_excerpt":"Les huiles de finition Rubio sont de superbes produits ! Avec une multitude de teintes et des huiles offrant des niveaux de protection pour tous les usages, la gamme Rubio permet d&#8217;obtenir une finition bois de votre am\u00e9nagement de van \u00e0 votre go\u00fbt et faciles d&#8217;entretien. Nous travaillons avec ce produit depuis d\u00e9j\u00e0 4 ans,&hellip;&nbsp;Read&hellip;","jetpack_sharing_enabled":true,"jetpack_likes_enabled":true,"jetpack-related-posts":[],"_links":{"self":[{"href":"https:\/\/ideevan.fr\/index.php\/wp-json\/wp\/v2\/posts\/708","targetHints":{"allow":["GET"]}}],"collection":[{"href":"https:\/\/ideevan.fr\/index.php\/wp-json\/wp\/v2\/posts"}],"about":[{"href":"https:\/\/ideevan.fr\/index.php\/wp-json\/wp\/v2\/types\/post"}],"author":[{"embeddable":true,"href":"https:\/\/ideevan.fr\/index.php\/wp-json\/wp\/v2\/users\/1"}],"replies":[{"embeddable":true,"href":"https:\/\/ideevan.fr\/index.php\/wp-json\/wp\/v2\/comments?post=708"}],"version-history":[{"count":32,"href":"https:\/\/ideevan.fr\/index.php\/wp-json\/wp\/v2\/posts\/708\/revisions"}],"predecessor-version":[{"id":933,"href":"https:\/\/ideevan.fr\/index.php\/wp-json\/wp\/v2\/posts\/708\/revisions\/933"}],"wp:featuredmedia":[{"embeddable":true,"href":"https:\/\/ideevan.fr\/index.php\/wp-json\/wp\/v2\/media\/727"}],"wp:attachment":[{"href":"https:\/\/ideevan.fr\/index.php\/wp-json\/wp\/v2\/media?parent=708"}],"wp:term":[{"taxonomy":"category","embeddable":true,"href":"https:\/\/ideevan.fr\/index.php\/wp-json\/wp\/v2\/categories?post=708"},{"taxonomy":"post_tag","embeddable":true,"href":"https:\/\/ideevan.fr\/index.php\/wp-json\/wp\/v2\/tags?post=708"}],"curies":[{"name":"wp","href":"https:\/\/api.w.org\/{rel}","templated":true}]}}