{"id":519,"date":"2021-03-17T14:41:11","date_gmt":"2021-03-17T13:41:11","guid":{"rendered":"http:\/\/ideevan.fr\/?p=519"},"modified":"2021-04-28T19:26:09","modified_gmt":"2021-04-28T17:26:09","slug":"une-large-gamme-pour-de-nombreux-gouts","status":"publish","type":"post","link":"https:\/\/ideevan.fr\/index.php\/2021\/03\/17\/une-large-gamme-pour-de-nombreux-gouts\/","title":{"rendered":"Une large gamme pour tous les go\u00fbts !"},"content":{"rendered":"\n<p>L&#8217;u<span class=\"has-inline-color has-neve-link-color-color\">ne de nos pr\u00e9occupations est de cr\u00e9er des am\u00e9nagements de van \u00e0 l&#8217;image de leurs propri\u00e9taires, avec un go\u00fbt prononc\u00e9 pour des rendus bois et originaux.<\/span><\/p>\n\n\n\n<p><span class=\"has-inline-color has-neve-link-color-color\">C&#8217;est pourquoi nous avons cherch\u00e9 des mat\u00e9riaux compatibles avec l&#8217;am\u00e9nagement de van ( poids, r\u00e9sistance aux chocs et \u00e0 l&#8217;eau et bien sur le prix), qui offrent une multitude d&#8217;apparences.<\/span> <\/p>\n\n\n\n<p>Nous ne sommes pas des fans des visuels plastiques qu&#8217;offrent les ouvrages en stratifi\u00e9, c&#8217;est pourquoi nous voulons vous pr\u00e9senter d&#8217;autres options.<\/p>\n\n\n\n<div class=\"wp-block-cover alignfull has-background-dim-100 has-neve-link-hover-color-background-color has-background-dim is-repeated\" style=\"background-image:url(http:\/\/ideevan.fr\/wp-content\/uploads\/2021\/03\/PHOTO_BOIS-scaled.jpg)\"><div class=\"wp-block-cover__inner-container is-layout-flow wp-block-cover-is-layout-flow\">\n<h2 class=\"wp-block-heading\"><span class=\"has-inline-color has-nv-site-bg-color\">Le contre-plaqu\u00e9<\/span><\/h2>\n\n\n\n<div style=\"height:20px\" aria-hidden=\"true\" class=\"wp-block-spacer\"><\/div>\n\n\n\n<div class=\"wp-block-columns is-layout-flex wp-container-core-columns-is-layout-9d6595d7 wp-block-columns-is-layout-flex\">\n<div class=\"wp-block-column is-layout-flow wp-block-column-is-layout-flow\" style=\"flex-basis:33.33%\">\n<div class=\"wp-block-image\"><figure class=\"alignleft size-large is-resized\"><img data-recalc-dims=\"1\" loading=\"lazy\" decoding=\"async\" data-attachment-id=\"522\" data-permalink=\"https:\/\/ideevan.fr\/index.php\/2021\/03\/17\/une-large-gamme-pour-de-nombreux-gouts\/cp\/\" data-orig-file=\"https:\/\/i0.wp.com\/ideevan.fr\/wp-content\/uploads\/2021\/03\/CP.jpg?fit=276%2C183&amp;ssl=1\" data-orig-size=\"276,183\" data-comments-opened=\"1\" data-image-meta=\"{&quot;aperture&quot;:&quot;0&quot;,&quot;credit&quot;:&quot;&quot;,&quot;camera&quot;:&quot;&quot;,&quot;caption&quot;:&quot;&quot;,&quot;created_timestamp&quot;:&quot;0&quot;,&quot;copyright&quot;:&quot;&quot;,&quot;focal_length&quot;:&quot;0&quot;,&quot;iso&quot;:&quot;0&quot;,&quot;shutter_speed&quot;:&quot;0&quot;,&quot;title&quot;:&quot;&quot;,&quot;orientation&quot;:&quot;0&quot;}\" data-image-title=\"CP\" data-image-description=\"\" data-image-caption=\"&lt;p&gt;https:\/\/www.laboutiquedubois.com\/&lt;\/p&gt;\n\" data-large-file=\"https:\/\/i0.wp.com\/ideevan.fr\/wp-content\/uploads\/2021\/03\/CP.jpg?fit=276%2C183&amp;ssl=1\" src=\"https:\/\/i0.wp.com\/ideevan.fr\/wp-content\/uploads\/2021\/03\/CP.jpg?resize=269%2C178\" alt=\"\" class=\"wp-image-522\" width=\"269\" height=\"178\"\/><figcaption><em>laboutiquedubois.com\/<\/em><\/figcaption><\/figure><\/div>\n<\/div>\n\n\n\n<div class=\"wp-block-column is-layout-flow wp-block-column-is-layout-flow\" style=\"flex-basis:66.66%\">\n<p class=\"has-drop-cap has-text-align-left\"><span class=\"has-inline-color has-nv-site-bg-color\">Le contre-plaqu\u00e9 est une bonne solution \u00e0 bien des \u00e9gards. Le rapport r\u00e9sistance\/poids de ce mat\u00e9riau est tr\u00e8s bon, ce qui permet de l&#8217;utiliser pour toutes les applications int\u00e9rieures (habillage, meuble, plancher). Si vous cherchez \u00e0 ne pas trop d\u00e9penser pour am\u00e9nager votre van, le contre-plaqu\u00e9 est un bon choix. Si nous avions une chose \u00e0 lui reprocher, c&#8217;est peut \u00eatre son apparence assez commune.<\/span><\/p>\n\n\n\n<p><span class=\"has-inline-color has-nv-site-bg-color\">Le saviez vous ? Il existe plusieurs essences de panneaux de contre-plaqu\u00e9 : peuplier, okoum\u00e9, mais aussi ch\u00eane et h\u00eatre !<\/span><\/p>\n<\/div>\n<\/div>\n<\/div><\/div>\n\n\n\n<div style=\"height:20px\" aria-hidden=\"true\" class=\"wp-block-spacer\"><\/div>\n\n\n\n<div class=\"wp-block-cover alignfull has-nv-light-bg-background-color has-background-dim\"><div class=\"wp-block-cover__inner-container is-layout-flow wp-block-cover-is-layout-flow\">\n<h2 class=\"has-neve-link-color-color has-text-color wp-block-heading\">Le 3 plis<\/h2>\n\n\n\n<div style=\"height:20px\" aria-hidden=\"true\" class=\"wp-block-spacer\"><\/div>\n\n\n\n<div class=\"wp-block-columns is-layout-flex wp-container-core-columns-is-layout-9d6595d7 wp-block-columns-is-layout-flex\">\n<div class=\"wp-block-column is-layout-flow wp-block-column-is-layout-flow\" style=\"flex-basis:33.33%\">\n<figure class=\"wp-block-image size-large\"><img data-recalc-dims=\"1\" loading=\"lazy\" decoding=\"async\" width=\"600\" height=\"600\" data-attachment-id=\"679\" data-permalink=\"https:\/\/ideevan.fr\/index.php\/2021\/03\/17\/une-large-gamme-pour-de-nombreux-gouts\/gamme-panneaux-3-plis_06t1\/\" data-orig-file=\"https:\/\/i0.wp.com\/ideevan.fr\/wp-content\/uploads\/2021\/03\/gamme-panneaux-3-plis_06T1.jpg?fit=600%2C600&amp;ssl=1\" data-orig-size=\"600,600\" data-comments-opened=\"1\" data-image-meta=\"{&quot;aperture&quot;:&quot;0&quot;,&quot;credit&quot;:&quot;&quot;,&quot;camera&quot;:&quot;&quot;,&quot;caption&quot;:&quot;&quot;,&quot;created_timestamp&quot;:&quot;0&quot;,&quot;copyright&quot;:&quot;&quot;,&quot;focal_length&quot;:&quot;0&quot;,&quot;iso&quot;:&quot;0&quot;,&quot;shutter_speed&quot;:&quot;0&quot;,&quot;title&quot;:&quot;&quot;,&quot;orientation&quot;:&quot;0&quot;}\" data-image-title=\"gamme-panneaux-3-plis_06T1\" data-image-description=\"\" data-image-caption=\"&lt;p&gt;www.ducerf.com&lt;\/p&gt;\n\" data-large-file=\"https:\/\/i0.wp.com\/ideevan.fr\/wp-content\/uploads\/2021\/03\/gamme-panneaux-3-plis_06T1.jpg?fit=600%2C600&amp;ssl=1\" src=\"https:\/\/i0.wp.com\/ideevan.fr\/wp-content\/uploads\/2021\/03\/gamme-panneaux-3-plis_06T1.jpg?resize=600%2C600\" alt=\"\" class=\"wp-image-679\" srcset=\"https:\/\/i0.wp.com\/ideevan.fr\/wp-content\/uploads\/2021\/03\/gamme-panneaux-3-plis_06T1.jpg?w=600&amp;ssl=1 600w, https:\/\/i0.wp.com\/ideevan.fr\/wp-content\/uploads\/2021\/03\/gamme-panneaux-3-plis_06T1.jpg?resize=300%2C300&amp;ssl=1 300w, https:\/\/i0.wp.com\/ideevan.fr\/wp-content\/uploads\/2021\/03\/gamme-panneaux-3-plis_06T1.jpg?resize=150%2C150&amp;ssl=1 150w\" sizes=\"auto, (max-width: 600px) 100vw, 600px\" \/><figcaption>ducerf.com<\/figcaption><\/figure>\n\n\n\n<p><\/p>\n<\/div>\n\n\n\n<div class=\"wp-block-column is-layout-flow wp-block-column-is-layout-flow\" style=\"flex-basis:66.66%\">\n<p class=\"has-drop-cap has-neve-link-color-color has-text-color\">Les panneaux de 3 plis vous offrent un rendu bois massif incomparable ! C&#8217;est un mat\u00e9riau solide, qui n\u2019existe qu&#8217;\u00e0 partir d&#8217;une \u00e9paisseur de 13 mm. Il servira donc seulement pour la fabrication des meubles de votre int\u00e9rieur.<\/p>\n\n\n\n<p class=\"has-neve-link-color-color has-text-color\">Nous proposons des panneaux de 3 plis en douglas, en sapin et en m\u00e9l\u00e8ze.<\/p>\n<\/div>\n<\/div>\n<\/div><\/div>\n\n\n\n<div style=\"height:20px\" aria-hidden=\"true\" class=\"wp-block-spacer\"><\/div>\n\n\n\n<div class=\"wp-block-cover alignfull has-background-dim-100 has-neve-link-hover-color-background-color has-background-dim\"><img data-recalc-dims=\"1\" loading=\"lazy\" decoding=\"async\" width=\"1200\" height=\"800\" data-attachment-id=\"259\" data-permalink=\"https:\/\/ideevan.fr\/texture-of-wood\/\" data-orig-file=\"https:\/\/i0.wp.com\/ideevan.fr\/wp-content\/uploads\/2021\/03\/PHOTO_BOIS-scaled.jpg?fit=2560%2C1707&amp;ssl=1\" data-orig-size=\"2560,1707\" data-comments-opened=\"1\" data-image-meta=\"{&quot;aperture&quot;:&quot;14&quot;,&quot;credit&quot;:&quot;Ekkapon Sriharun&quot;,&quot;camera&quot;:&quot;Canon EOS 5D Mark II&quot;,&quot;caption&quot;:&quot;yellow natural wood texture background&quot;,&quot;created_timestamp&quot;:&quot;1466089190&quot;,&quot;copyright&quot;:&quot;Ekkapon 2012&quot;,&quot;focal_length&quot;:&quot;100&quot;,&quot;iso&quot;:&quot;100&quot;,&quot;shutter_speed&quot;:&quot;0.005&quot;,&quot;title&quot;:&quot;Texture of wood&quot;,&quot;orientation&quot;:&quot;1&quot;}\" data-image-title=\"Texture of wood\" data-image-description=\"\" data-image-caption=\"&lt;p&gt;yellow natural wood texture background&lt;\/p&gt;\n\" data-large-file=\"https:\/\/i0.wp.com\/ideevan.fr\/wp-content\/uploads\/2021\/03\/PHOTO_BOIS-scaled.jpg?fit=1024%2C683&amp;ssl=1\" class=\"wp-block-cover__image-background wp-image-259\" alt=\"\" src=\"https:\/\/i0.wp.com\/ideevan.fr\/wp-content\/uploads\/2021\/03\/PHOTO_BOIS-scaled.jpg?resize=1200%2C800\" data-object-fit=\"cover\" srcset=\"https:\/\/i0.wp.com\/ideevan.fr\/wp-content\/uploads\/2021\/03\/PHOTO_BOIS-scaled.jpg?w=2560&amp;ssl=1 2560w, https:\/\/i0.wp.com\/ideevan.fr\/wp-content\/uploads\/2021\/03\/PHOTO_BOIS-scaled.jpg?resize=300%2C200&amp;ssl=1 300w, https:\/\/i0.wp.com\/ideevan.fr\/wp-content\/uploads\/2021\/03\/PHOTO_BOIS-scaled.jpg?resize=1024%2C683&amp;ssl=1 1024w, https:\/\/i0.wp.com\/ideevan.fr\/wp-content\/uploads\/2021\/03\/PHOTO_BOIS-scaled.jpg?resize=768%2C512&amp;ssl=1 768w, https:\/\/i0.wp.com\/ideevan.fr\/wp-content\/uploads\/2021\/03\/PHOTO_BOIS-scaled.jpg?resize=1536%2C1024&amp;ssl=1 1536w, https:\/\/i0.wp.com\/ideevan.fr\/wp-content\/uploads\/2021\/03\/PHOTO_BOIS-scaled.jpg?resize=2048%2C1365&amp;ssl=1 2048w, https:\/\/i0.wp.com\/ideevan.fr\/wp-content\/uploads\/2021\/03\/PHOTO_BOIS-scaled.jpg?resize=930%2C620&amp;ssl=1 930w, https:\/\/i0.wp.com\/ideevan.fr\/wp-content\/uploads\/2021\/03\/PHOTO_BOIS-scaled.jpg?w=2400&amp;ssl=1 2400w\" sizes=\"auto, (max-width: 1200px) 100vw, 1200px\" \/><div class=\"wp-block-cover__inner-container is-layout-flow wp-block-cover-is-layout-flow\">\n<h2 class=\"wp-block-heading\"><strong><span class=\"has-inline-color has-nv-site-bg-color\">Le Valchromat<\/span><\/strong><\/h2>\n\n\n\n<div style=\"height:20px\" aria-hidden=\"true\" class=\"wp-block-spacer\"><\/div>\n\n\n\n<div class=\"wp-block-columns is-layout-flex wp-container-core-columns-is-layout-9d6595d7 wp-block-columns-is-layout-flex\">\n<div class=\"wp-block-column is-layout-flow wp-block-column-is-layout-flow\" style=\"flex-basis:33.33%\">\n<figure class=\"wp-block-image size-large\"><img data-recalc-dims=\"1\" loading=\"lazy\" decoding=\"async\" width=\"284\" height=\"177\" data-attachment-id=\"526\" data-permalink=\"https:\/\/ideevan.fr\/index.php\/2021\/03\/17\/une-large-gamme-pour-de-nombreux-gouts\/images\/\" data-orig-file=\"https:\/\/i0.wp.com\/ideevan.fr\/wp-content\/uploads\/2021\/03\/images.jpg?fit=284%2C177&amp;ssl=1\" data-orig-size=\"284,177\" data-comments-opened=\"1\" data-image-meta=\"{&quot;aperture&quot;:&quot;0&quot;,&quot;credit&quot;:&quot;&quot;,&quot;camera&quot;:&quot;&quot;,&quot;caption&quot;:&quot;&quot;,&quot;created_timestamp&quot;:&quot;0&quot;,&quot;copyright&quot;:&quot;&quot;,&quot;focal_length&quot;:&quot;0&quot;,&quot;iso&quot;:&quot;0&quot;,&quot;shutter_speed&quot;:&quot;0&quot;,&quot;title&quot;:&quot;&quot;,&quot;orientation&quot;:&quot;0&quot;}\" data-image-title=\"images\" data-image-description=\"\" data-image-caption=\"&lt;p&gt;accustom.co.uk&lt;\/p&gt;\n\" data-large-file=\"https:\/\/i0.wp.com\/ideevan.fr\/wp-content\/uploads\/2021\/03\/images.jpg?fit=284%2C177&amp;ssl=1\" src=\"https:\/\/i0.wp.com\/ideevan.fr\/wp-content\/uploads\/2021\/03\/images.jpg?resize=284%2C177\" alt=\"\" class=\"wp-image-526\"\/><figcaption>accustom.co.uk<\/figcaption><\/figure>\n<\/div>\n\n\n\n<div class=\"wp-block-column is-layout-flow wp-block-column-is-layout-flow\" style=\"flex-basis:66.66%\">\n<p class=\"has-drop-cap has-nv-site-bg-color has-text-color\"><span class=\"has-inline-color has-nv-site-bg-color\">Le Valchromat est un mat\u00e9riau de particules de bois teint\u00e9es dans la masse. Il offre plusieurs avantages : une bonne r\u00e9sistance, une large gamme de couleurs et il est hydrofuge<\/span> !<\/p>\n\n\n\n<p><span class=\"has-inline-color has-nv-site-bg-color\">N\u00e9anmoins ce produit est lourd et il ne pourra pas servir pour l&#8217;ensemble des meubles. Il peut \u00eatre utilis\u00e9 pour l&#8217;habillage en 8 mm et pour les fa\u00e7ades de vos meubles, de sorte \u00e0 apporter de la couleur \u00e0 un am\u00e9nagement d\u00e9j\u00e0 chaleureux !<\/span><\/p>\n<\/div>\n<\/div>\n<\/div><\/div>\n\n\n\n<div class=\"wp-block-cover aligncenter has-nv-site-bg-background-color has-background-dim\"><div class=\"wp-block-cover__inner-container is-layout-flow wp-block-cover-is-layout-flow\">\n<h2 class=\"has-text-align-center wp-block-heading\"><span class=\"has-inline-color has-neve-link-color-color\">Et vous, quel sera votre choix pour votre v\u00e9hicule?<\/span><\/h2>\n\n\n\n<div class=\"wp-block-columns is-layout-flex wp-container-core-columns-is-layout-9d6595d7 wp-block-columns-is-layout-flex\">\n<div class=\"wp-block-column is-layout-flow wp-block-column-is-layout-flow\"><\/div>\n\n\n\n<div class=\"wp-block-column is-layout-flow wp-block-column-is-layout-flow\"><\/div>\n\n\n\n<div class=\"wp-block-column is-layout-flow wp-block-column-is-layout-flow\"><\/div>\n<\/div>\n<\/div><\/div>\n","protected":false},"excerpt":{"rendered":"<p>L&#8217;une de nos pr\u00e9occupations est de cr\u00e9er des am\u00e9nagements de van \u00e0 l&#8217;image de leurs propri\u00e9taires, avec un go\u00fbt prononc\u00e9 pour des rendus bois et originaux. C&#8217;est pourquoi nous avons cherch\u00e9 des mat\u00e9riaux compatibles avec l&#8217;am\u00e9nagement de van ( poids, r\u00e9sistance aux chocs et \u00e0 l&#8217;eau et bien sur le prix), qui offrent une multitude&hellip;&nbsp;<a href=\"https:\/\/ideevan.fr\/index.php\/2021\/03\/17\/une-large-gamme-pour-de-nombreux-gouts\/\" rel=\"bookmark\">Read More &raquo;<span class=\"screen-reader-text\">Une large gamme pour tous les go\u00fbts !<\/span><\/a><\/p>\n","protected":false},"author":1,"featured_media":679,"comment_status":"open","ping_status":"open","sticky":false,"template":"","format":"standard","meta":{"_uag_custom_page_level_css":"","neve_meta_sidebar":"","neve_meta_container":"","neve_meta_enable_content_width":"","neve_meta_content_width":0,"neve_meta_title_alignment":"","neve_meta_author_avatar":"","neve_post_elements_order":"","neve_meta_disable_header":"","neve_meta_disable_footer":"","neve_meta_disable_title":"","_jetpack_memberships_contains_paid_content":false,"footnotes":"","jetpack_publicize_message":"","jetpack_publicize_feature_enabled":true,"jetpack_social_post_already_shared":true,"jetpack_social_options":{"image_generator_settings":{"template":"highway","default_image_id":0,"font":"","enabled":false},"version":2}},"categories":[8],"tags":[],"class_list":["post-519","post","type-post","status-publish","format-standard","has-post-thumbnail","hentry","category-blog"],"yoast_head":"<!-- This site is optimized with the Yoast SEO plugin v27.5 - https:\/\/yoast.com\/product\/yoast-seo-wordpress\/ -->\n<title>Une large gamme pour tous les go\u00fbts ! - Id\u00e9e Van<\/title>\n<meta name=\"description\" content=\"Id\u00e9e van vous r\u00e9alise votre am\u00e9nagement de fourgon ou van de A \u00e0 Z\" \/>\n<meta name=\"robots\" content=\"index, follow, max-snippet:-1, max-image-preview:large, max-video-preview:-1\" \/>\n<link rel=\"canonical\" href=\"https:\/\/ideevan.fr\/index.php\/2021\/03\/17\/une-large-gamme-pour-de-nombreux-gouts\/\" \/>\n<meta property=\"og:locale\" content=\"en_US\" \/>\n<meta property=\"og:type\" content=\"article\" \/>\n<meta property=\"og:title\" content=\"Une large gamme pour tous les go\u00fbts ! - Id\u00e9e Van\" \/>\n<meta property=\"og:description\" content=\"Id\u00e9e van vous r\u00e9alise votre am\u00e9nagement de fourgon ou van de A \u00e0 Z\" \/>\n<meta property=\"og:url\" content=\"https:\/\/ideevan.fr\/index.php\/2021\/03\/17\/une-large-gamme-pour-de-nombreux-gouts\/\" \/>\n<meta property=\"og:site_name\" content=\"Id\u00e9e Van\" \/>\n<meta property=\"article:publisher\" content=\"https:\/\/www.facebook.com\/Alex.19869\" \/>\n<meta property=\"article:published_time\" content=\"2021-03-17T13:41:11+00:00\" \/>\n<meta property=\"article:modified_time\" content=\"2021-04-28T17:26:09+00:00\" \/>\n<meta property=\"og:image\" content=\"https:\/\/i2.wp.com\/ideevan.fr\/wp-content\/uploads\/2021\/03\/gamme-panneaux-3-plis_06T1.jpg?fit=600%2C600&ssl=1\" \/>\n\t<meta property=\"og:image:width\" content=\"600\" \/>\n\t<meta property=\"og:image:height\" content=\"600\" \/>\n\t<meta property=\"og:image:type\" content=\"image\/jpeg\" \/>\n<meta name=\"author\" content=\"Alex d&#039;Id\u00e9e Van\" \/>\n<meta name=\"twitter:card\" content=\"summary_large_image\" \/>\n<meta name=\"twitter:label1\" content=\"Written by\" \/>\n\t<meta name=\"twitter:data1\" content=\"Alex d&#039;Id\u00e9e Van\" \/>\n\t<meta name=\"twitter:label2\" content=\"Est. reading time\" \/>\n\t<meta name=\"twitter:data2\" content=\"3 minutes\" \/>\n<script type=\"application\/ld+json\" class=\"yoast-schema-graph\">{\"@context\":\"https:\\\/\\\/schema.org\",\"@graph\":[{\"@type\":\"Article\",\"@id\":\"https:\\\/\\\/ideevan.fr\\\/index.php\\\/2021\\\/03\\\/17\\\/une-large-gamme-pour-de-nombreux-gouts\\\/#article\",\"isPartOf\":{\"@id\":\"https:\\\/\\\/ideevan.fr\\\/index.php\\\/2021\\\/03\\\/17\\\/une-large-gamme-pour-de-nombreux-gouts\\\/\"},\"author\":{\"name\":\"Alex d'Id\u00e9e Van\",\"@id\":\"https:\\\/\\\/ideevan.fr\\\/#\\\/schema\\\/person\\\/9da2dc6f240f6c0f323b4c0fc415986a\"},\"headline\":\"Une large gamme pour tous les go\u00fbts !\",\"datePublished\":\"2021-03-17T13:41:11+00:00\",\"dateModified\":\"2021-04-28T17:26:09+00:00\",\"mainEntityOfPage\":{\"@id\":\"https:\\\/\\\/ideevan.fr\\\/index.php\\\/2021\\\/03\\\/17\\\/une-large-gamme-pour-de-nombreux-gouts\\\/\"},\"wordCount\":333,\"commentCount\":0,\"publisher\":{\"@id\":\"https:\\\/\\\/ideevan.fr\\\/#organization\"},\"image\":{\"@id\":\"https:\\\/\\\/ideevan.fr\\\/index.php\\\/2021\\\/03\\\/17\\\/une-large-gamme-pour-de-nombreux-gouts\\\/#primaryimage\"},\"thumbnailUrl\":\"https:\\\/\\\/i0.wp.com\\\/ideevan.fr\\\/wp-content\\\/uploads\\\/2021\\\/03\\\/gamme-panneaux-3-plis_06T1.jpg?fit=600%2C600&ssl=1\",\"articleSection\":[\"blog\"],\"inLanguage\":\"en-US\",\"potentialAction\":[{\"@type\":\"CommentAction\",\"name\":\"Comment\",\"target\":[\"https:\\\/\\\/ideevan.fr\\\/index.php\\\/2021\\\/03\\\/17\\\/une-large-gamme-pour-de-nombreux-gouts\\\/#respond\"]}]},{\"@type\":\"WebPage\",\"@id\":\"https:\\\/\\\/ideevan.fr\\\/index.php\\\/2021\\\/03\\\/17\\\/une-large-gamme-pour-de-nombreux-gouts\\\/\",\"url\":\"https:\\\/\\\/ideevan.fr\\\/index.php\\\/2021\\\/03\\\/17\\\/une-large-gamme-pour-de-nombreux-gouts\\\/\",\"name\":\"Une large gamme pour tous les go\u00fbts ! - Id\u00e9e Van\",\"isPartOf\":{\"@id\":\"https:\\\/\\\/ideevan.fr\\\/#website\"},\"primaryImageOfPage\":{\"@id\":\"https:\\\/\\\/ideevan.fr\\\/index.php\\\/2021\\\/03\\\/17\\\/une-large-gamme-pour-de-nombreux-gouts\\\/#primaryimage\"},\"image\":{\"@id\":\"https:\\\/\\\/ideevan.fr\\\/index.php\\\/2021\\\/03\\\/17\\\/une-large-gamme-pour-de-nombreux-gouts\\\/#primaryimage\"},\"thumbnailUrl\":\"https:\\\/\\\/i0.wp.com\\\/ideevan.fr\\\/wp-content\\\/uploads\\\/2021\\\/03\\\/gamme-panneaux-3-plis_06T1.jpg?fit=600%2C600&ssl=1\",\"datePublished\":\"2021-03-17T13:41:11+00:00\",\"dateModified\":\"2021-04-28T17:26:09+00:00\",\"description\":\"Id\u00e9e van vous r\u00e9alise votre am\u00e9nagement de fourgon ou van de A \u00e0 Z\",\"breadcrumb\":{\"@id\":\"https:\\\/\\\/ideevan.fr\\\/index.php\\\/2021\\\/03\\\/17\\\/une-large-gamme-pour-de-nombreux-gouts\\\/#breadcrumb\"},\"inLanguage\":\"en-US\",\"potentialAction\":[{\"@type\":\"ReadAction\",\"target\":[\"https:\\\/\\\/ideevan.fr\\\/index.php\\\/2021\\\/03\\\/17\\\/une-large-gamme-pour-de-nombreux-gouts\\\/\"]}]},{\"@type\":\"ImageObject\",\"inLanguage\":\"en-US\",\"@id\":\"https:\\\/\\\/ideevan.fr\\\/index.php\\\/2021\\\/03\\\/17\\\/une-large-gamme-pour-de-nombreux-gouts\\\/#primaryimage\",\"url\":\"https:\\\/\\\/i0.wp.com\\\/ideevan.fr\\\/wp-content\\\/uploads\\\/2021\\\/03\\\/gamme-panneaux-3-plis_06T1.jpg?fit=600%2C600&ssl=1\",\"contentUrl\":\"https:\\\/\\\/i0.wp.com\\\/ideevan.fr\\\/wp-content\\\/uploads\\\/2021\\\/03\\\/gamme-panneaux-3-plis_06T1.jpg?fit=600%2C600&ssl=1\",\"width\":600,\"height\":600,\"caption\":\"www.ducerf.com\"},{\"@type\":\"BreadcrumbList\",\"@id\":\"https:\\\/\\\/ideevan.fr\\\/index.php\\\/2021\\\/03\\\/17\\\/une-large-gamme-pour-de-nombreux-gouts\\\/#breadcrumb\",\"itemListElement\":[{\"@type\":\"ListItem\",\"position\":1,\"name\":\"Am\u00e9nagement fourgon\",\"item\":\"https:\\\/\\\/ideevan.fr\\\/\"},{\"@type\":\"ListItem\",\"position\":2,\"name\":\"Une large gamme pour tous les go\u00fbts !\"}]},{\"@type\":\"WebSite\",\"@id\":\"https:\\\/\\\/ideevan.fr\\\/#website\",\"url\":\"https:\\\/\\\/ideevan.fr\\\/\",\"name\":\"Id\u00e9e Van\",\"description\":\"Un site utilisant WordPress\",\"publisher\":{\"@id\":\"https:\\\/\\\/ideevan.fr\\\/#organization\"},\"potentialAction\":[{\"@type\":\"SearchAction\",\"target\":{\"@type\":\"EntryPoint\",\"urlTemplate\":\"https:\\\/\\\/ideevan.fr\\\/?s={search_term_string}\"},\"query-input\":{\"@type\":\"PropertyValueSpecification\",\"valueRequired\":true,\"valueName\":\"search_term_string\"}}],\"inLanguage\":\"en-US\"},{\"@type\":\"Organization\",\"@id\":\"https:\\\/\\\/ideevan.fr\\\/#organization\",\"name\":\"id\u00e9e van\",\"url\":\"https:\\\/\\\/ideevan.fr\\\/\",\"logo\":{\"@type\":\"ImageObject\",\"inLanguage\":\"en-US\",\"@id\":\"https:\\\/\\\/ideevan.fr\\\/#\\\/schema\\\/logo\\\/image\\\/\",\"url\":\"https:\\\/\\\/i1.wp.com\\\/ideevan.fr\\\/wp-content\\\/uploads\\\/2021\\\/03\\\/Logo_IDvanOK.png?fit=1241%2C1241&ssl=1\",\"contentUrl\":\"https:\\\/\\\/i1.wp.com\\\/ideevan.fr\\\/wp-content\\\/uploads\\\/2021\\\/03\\\/Logo_IDvanOK.png?fit=1241%2C1241&ssl=1\",\"width\":1241,\"height\":1241,\"caption\":\"id\u00e9e van\"},\"image\":{\"@id\":\"https:\\\/\\\/ideevan.fr\\\/#\\\/schema\\\/logo\\\/image\\\/\"},\"sameAs\":[\"https:\\\/\\\/www.facebook.com\\\/Alex.19869\",\"https:\\\/\\\/www.instagram.com\\\/ideevan38\\\/\"]},{\"@type\":\"Person\",\"@id\":\"https:\\\/\\\/ideevan.fr\\\/#\\\/schema\\\/person\\\/9da2dc6f240f6c0f323b4c0fc415986a\",\"name\":\"Alex d'Id\u00e9e Van\",\"image\":{\"@type\":\"ImageObject\",\"inLanguage\":\"en-US\",\"@id\":\"https:\\\/\\\/secure.gravatar.com\\\/avatar\\\/db2747b7616ff47165dcdbea6ff93f2be4b042b390a509b3e8f7eccc72554d03?s=96&d=mm&r=g\",\"url\":\"https:\\\/\\\/secure.gravatar.com\\\/avatar\\\/db2747b7616ff47165dcdbea6ff93f2be4b042b390a509b3e8f7eccc72554d03?s=96&d=mm&r=g\",\"contentUrl\":\"https:\\\/\\\/secure.gravatar.com\\\/avatar\\\/db2747b7616ff47165dcdbea6ff93f2be4b042b390a509b3e8f7eccc72554d03?s=96&d=mm&r=g\",\"caption\":\"Alex d'Id\u00e9e Van\"},\"sameAs\":[\"http:\\\/\\\/ideevan.fr\"],\"url\":\"https:\\\/\\\/ideevan.fr\\\/index.php\\\/author\\\/admin9689\\\/\"}]}<\/script>\n<!-- \/ Yoast SEO plugin. -->","yoast_head_json":{"title":"Une large gamme pour tous les go\u00fbts ! - Id\u00e9e Van","description":"Id\u00e9e van vous r\u00e9alise votre am\u00e9nagement de fourgon ou van de A \u00e0 Z","robots":{"index":"index","follow":"follow","max-snippet":"max-snippet:-1","max-image-preview":"max-image-preview:large","max-video-preview":"max-video-preview:-1"},"canonical":"https:\/\/ideevan.fr\/index.php\/2021\/03\/17\/une-large-gamme-pour-de-nombreux-gouts\/","og_locale":"en_US","og_type":"article","og_title":"Une large gamme pour tous les go\u00fbts ! - Id\u00e9e Van","og_description":"Id\u00e9e van vous r\u00e9alise votre am\u00e9nagement de fourgon ou van de A \u00e0 Z","og_url":"https:\/\/ideevan.fr\/index.php\/2021\/03\/17\/une-large-gamme-pour-de-nombreux-gouts\/","og_site_name":"Id\u00e9e Van","article_publisher":"https:\/\/www.facebook.com\/Alex.19869","article_published_time":"2021-03-17T13:41:11+00:00","article_modified_time":"2021-04-28T17:26:09+00:00","og_image":[{"width":600,"height":600,"url":"https:\/\/i2.wp.com\/ideevan.fr\/wp-content\/uploads\/2021\/03\/gamme-panneaux-3-plis_06T1.jpg?fit=600%2C600&ssl=1","type":"image\/jpeg"}],"author":"Alex d'Id\u00e9e Van","twitter_card":"summary_large_image","twitter_misc":{"Written by":"Alex d'Id\u00e9e Van","Est. reading time":"3 minutes"},"schema":{"@context":"https:\/\/schema.org","@graph":[{"@type":"Article","@id":"https:\/\/ideevan.fr\/index.php\/2021\/03\/17\/une-large-gamme-pour-de-nombreux-gouts\/#article","isPartOf":{"@id":"https:\/\/ideevan.fr\/index.php\/2021\/03\/17\/une-large-gamme-pour-de-nombreux-gouts\/"},"author":{"name":"Alex d'Id\u00e9e Van","@id":"https:\/\/ideevan.fr\/#\/schema\/person\/9da2dc6f240f6c0f323b4c0fc415986a"},"headline":"Une large gamme pour tous les go\u00fbts !","datePublished":"2021-03-17T13:41:11+00:00","dateModified":"2021-04-28T17:26:09+00:00","mainEntityOfPage":{"@id":"https:\/\/ideevan.fr\/index.php\/2021\/03\/17\/une-large-gamme-pour-de-nombreux-gouts\/"},"wordCount":333,"commentCount":0,"publisher":{"@id":"https:\/\/ideevan.fr\/#organization"},"image":{"@id":"https:\/\/ideevan.fr\/index.php\/2021\/03\/17\/une-large-gamme-pour-de-nombreux-gouts\/#primaryimage"},"thumbnailUrl":"https:\/\/i0.wp.com\/ideevan.fr\/wp-content\/uploads\/2021\/03\/gamme-panneaux-3-plis_06T1.jpg?fit=600%2C600&ssl=1","articleSection":["blog"],"inLanguage":"en-US","potentialAction":[{"@type":"CommentAction","name":"Comment","target":["https:\/\/ideevan.fr\/index.php\/2021\/03\/17\/une-large-gamme-pour-de-nombreux-gouts\/#respond"]}]},{"@type":"WebPage","@id":"https:\/\/ideevan.fr\/index.php\/2021\/03\/17\/une-large-gamme-pour-de-nombreux-gouts\/","url":"https:\/\/ideevan.fr\/index.php\/2021\/03\/17\/une-large-gamme-pour-de-nombreux-gouts\/","name":"Une large gamme pour tous les go\u00fbts ! - Id\u00e9e Van","isPartOf":{"@id":"https:\/\/ideevan.fr\/#website"},"primaryImageOfPage":{"@id":"https:\/\/ideevan.fr\/index.php\/2021\/03\/17\/une-large-gamme-pour-de-nombreux-gouts\/#primaryimage"},"image":{"@id":"https:\/\/ideevan.fr\/index.php\/2021\/03\/17\/une-large-gamme-pour-de-nombreux-gouts\/#primaryimage"},"thumbnailUrl":"https:\/\/i0.wp.com\/ideevan.fr\/wp-content\/uploads\/2021\/03\/gamme-panneaux-3-plis_06T1.jpg?fit=600%2C600&ssl=1","datePublished":"2021-03-17T13:41:11+00:00","dateModified":"2021-04-28T17:26:09+00:00","description":"Id\u00e9e van vous r\u00e9alise votre am\u00e9nagement de fourgon ou van de A \u00e0 Z","breadcrumb":{"@id":"https:\/\/ideevan.fr\/index.php\/2021\/03\/17\/une-large-gamme-pour-de-nombreux-gouts\/#breadcrumb"},"inLanguage":"en-US","potentialAction":[{"@type":"ReadAction","target":["https:\/\/ideevan.fr\/index.php\/2021\/03\/17\/une-large-gamme-pour-de-nombreux-gouts\/"]}]},{"@type":"ImageObject","inLanguage":"en-US","@id":"https:\/\/ideevan.fr\/index.php\/2021\/03\/17\/une-large-gamme-pour-de-nombreux-gouts\/#primaryimage","url":"https:\/\/i0.wp.com\/ideevan.fr\/wp-content\/uploads\/2021\/03\/gamme-panneaux-3-plis_06T1.jpg?fit=600%2C600&ssl=1","contentUrl":"https:\/\/i0.wp.com\/ideevan.fr\/wp-content\/uploads\/2021\/03\/gamme-panneaux-3-plis_06T1.jpg?fit=600%2C600&ssl=1","width":600,"height":600,"caption":"www.ducerf.com"},{"@type":"BreadcrumbList","@id":"https:\/\/ideevan.fr\/index.php\/2021\/03\/17\/une-large-gamme-pour-de-nombreux-gouts\/#breadcrumb","itemListElement":[{"@type":"ListItem","position":1,"name":"Am\u00e9nagement fourgon","item":"https:\/\/ideevan.fr\/"},{"@type":"ListItem","position":2,"name":"Une large gamme pour tous les go\u00fbts !"}]},{"@type":"WebSite","@id":"https:\/\/ideevan.fr\/#website","url":"https:\/\/ideevan.fr\/","name":"Id\u00e9e Van","description":"Un site utilisant WordPress","publisher":{"@id":"https:\/\/ideevan.fr\/#organization"},"potentialAction":[{"@type":"SearchAction","target":{"@type":"EntryPoint","urlTemplate":"https:\/\/ideevan.fr\/?s={search_term_string}"},"query-input":{"@type":"PropertyValueSpecification","valueRequired":true,"valueName":"search_term_string"}}],"inLanguage":"en-US"},{"@type":"Organization","@id":"https:\/\/ideevan.fr\/#organization","name":"id\u00e9e van","url":"https:\/\/ideevan.fr\/","logo":{"@type":"ImageObject","inLanguage":"en-US","@id":"https:\/\/ideevan.fr\/#\/schema\/logo\/image\/","url":"https:\/\/i1.wp.com\/ideevan.fr\/wp-content\/uploads\/2021\/03\/Logo_IDvanOK.png?fit=1241%2C1241&ssl=1","contentUrl":"https:\/\/i1.wp.com\/ideevan.fr\/wp-content\/uploads\/2021\/03\/Logo_IDvanOK.png?fit=1241%2C1241&ssl=1","width":1241,"height":1241,"caption":"id\u00e9e van"},"image":{"@id":"https:\/\/ideevan.fr\/#\/schema\/logo\/image\/"},"sameAs":["https:\/\/www.facebook.com\/Alex.19869","https:\/\/www.instagram.com\/ideevan38\/"]},{"@type":"Person","@id":"https:\/\/ideevan.fr\/#\/schema\/person\/9da2dc6f240f6c0f323b4c0fc415986a","name":"Alex d'Id\u00e9e Van","image":{"@type":"ImageObject","inLanguage":"en-US","@id":"https:\/\/secure.gravatar.com\/avatar\/db2747b7616ff47165dcdbea6ff93f2be4b042b390a509b3e8f7eccc72554d03?s=96&d=mm&r=g","url":"https:\/\/secure.gravatar.com\/avatar\/db2747b7616ff47165dcdbea6ff93f2be4b042b390a509b3e8f7eccc72554d03?s=96&d=mm&r=g","contentUrl":"https:\/\/secure.gravatar.com\/avatar\/db2747b7616ff47165dcdbea6ff93f2be4b042b390a509b3e8f7eccc72554d03?s=96&d=mm&r=g","caption":"Alex d'Id\u00e9e Van"},"sameAs":["http:\/\/ideevan.fr"],"url":"https:\/\/ideevan.fr\/index.php\/author\/admin9689\/"}]}},"jetpack_publicize_connections":[],"jetpack_featured_media_url":"https:\/\/i0.wp.com\/ideevan.fr\/wp-content\/uploads\/2021\/03\/gamme-panneaux-3-plis_06T1.jpg?fit=600%2C600&ssl=1","uagb_featured_image_src":{"full":["https:\/\/i0.wp.com\/ideevan.fr\/wp-content\/uploads\/2021\/03\/gamme-panneaux-3-plis_06T1.jpg?fit=600%2C600&ssl=1",600,600,false],"thumbnail":["https:\/\/i0.wp.com\/ideevan.fr\/wp-content\/uploads\/2021\/03\/gamme-panneaux-3-plis_06T1.jpg?resize=150%2C150&ssl=1",150,150,true],"medium":["https:\/\/i0.wp.com\/ideevan.fr\/wp-content\/uploads\/2021\/03\/gamme-panneaux-3-plis_06T1.jpg?fit=300%2C300&ssl=1",300,300,true],"medium_large":["https:\/\/i0.wp.com\/ideevan.fr\/wp-content\/uploads\/2021\/03\/gamme-panneaux-3-plis_06T1.jpg?fit=600%2C600&ssl=1",600,600,true],"large":["https:\/\/i0.wp.com\/ideevan.fr\/wp-content\/uploads\/2021\/03\/gamme-panneaux-3-plis_06T1.jpg?fit=600%2C600&ssl=1",600,600,true],"1536x1536":["https:\/\/i0.wp.com\/ideevan.fr\/wp-content\/uploads\/2021\/03\/gamme-panneaux-3-plis_06T1.jpg?fit=600%2C600&ssl=1",600,600,true],"2048x2048":["https:\/\/i0.wp.com\/ideevan.fr\/wp-content\/uploads\/2021\/03\/gamme-panneaux-3-plis_06T1.jpg?fit=600%2C600&ssl=1",600,600,true],"neve-blog":["https:\/\/i0.wp.com\/ideevan.fr\/wp-content\/uploads\/2021\/03\/gamme-panneaux-3-plis_06T1.jpg?resize=600%2C600&ssl=1",600,600,true]},"uagb_author_info":{"display_name":"Alex d'Id\u00e9e Van","author_link":"https:\/\/ideevan.fr\/index.php\/author\/admin9689\/"},"uagb_comment_info":0,"uagb_excerpt":"L&#8217;une de nos pr\u00e9occupations est de cr\u00e9er des am\u00e9nagements de van \u00e0 l&#8217;image de leurs propri\u00e9taires, avec un go\u00fbt prononc\u00e9 pour des rendus bois et originaux. C&#8217;est pourquoi nous avons cherch\u00e9 des mat\u00e9riaux compatibles avec l&#8217;am\u00e9nagement de van ( poids, r\u00e9sistance aux chocs et \u00e0 l&#8217;eau et bien sur le prix), qui offrent une multitude&hellip;&nbsp;Read&hellip;","jetpack_sharing_enabled":true,"jetpack_likes_enabled":true,"jetpack-related-posts":[],"_links":{"self":[{"href":"https:\/\/ideevan.fr\/index.php\/wp-json\/wp\/v2\/posts\/519","targetHints":{"allow":["GET"]}}],"collection":[{"href":"https:\/\/ideevan.fr\/index.php\/wp-json\/wp\/v2\/posts"}],"about":[{"href":"https:\/\/ideevan.fr\/index.php\/wp-json\/wp\/v2\/types\/post"}],"author":[{"embeddable":true,"href":"https:\/\/ideevan.fr\/index.php\/wp-json\/wp\/v2\/users\/1"}],"replies":[{"embeddable":true,"href":"https:\/\/ideevan.fr\/index.php\/wp-json\/wp\/v2\/comments?post=519"}],"version-history":[{"count":32,"href":"https:\/\/ideevan.fr\/index.php\/wp-json\/wp\/v2\/posts\/519\/revisions"}],"predecessor-version":[{"id":878,"href":"https:\/\/ideevan.fr\/index.php\/wp-json\/wp\/v2\/posts\/519\/revisions\/878"}],"wp:featuredmedia":[{"embeddable":true,"href":"https:\/\/ideevan.fr\/index.php\/wp-json\/wp\/v2\/media\/679"}],"wp:attachment":[{"href":"https:\/\/ideevan.fr\/index.php\/wp-json\/wp\/v2\/media?parent=519"}],"wp:term":[{"taxonomy":"category","embeddable":true,"href":"https:\/\/ideevan.fr\/index.php\/wp-json\/wp\/v2\/categories?post=519"},{"taxonomy":"post_tag","embeddable":true,"href":"https:\/\/ideevan.fr\/index.php\/wp-json\/wp\/v2\/tags?post=519"}],"curies":[{"name":"wp","href":"https:\/\/api.w.org\/{rel}","templated":true}]}}